{"id":63313,"date":"2016-03-01T14:44:00","date_gmt":"2016-03-01T12:44:00","guid":{"rendered":"http:\/\/www.sana.sy\/tr\/?p=63313"},"modified":"2016-03-02T18:49:08","modified_gmt":"2016-03-02T16:49:08","slug":"teroristler-yine-sivil-yerlesim-alanlarina-saldirdi","status":"publish","type":"post","link":"https:\/\/archive.sana.sy\/tr\/?p=63313","title":{"rendered":"Ter\u00f6ristler Yine Sivil Yerle\u015fim Alanlar\u0131na Sald\u0131rd\u0131 (video)"},"content":{"rendered":"<p>DERA \u2013 Tekfirci ter\u00f6ristler bug\u00fcn Dera Kentinin sivil yerle\u015fim alanlar\u0131ndan Sebil ve Matar semtlerini f\u00fcze ve havan roketleriyle geli\u015fig\u00fczel hedef ald\u0131lar.<\/p>\n<p>Dera Valili\u011finde yetkili bir kaynak SANA\u2019ya a\u00e7\u0131klamas\u0131nda; ter\u00f6ristlerin bug\u00fcn \u00f6\u011flen saatlerinde Dera Kentinin sivil yerle\u015fim alanlar\u0131ndan Sebil ve Matar semtlerinde vatanda\u015flar\u0131n evlerini 7 f\u00fcze ve havan roketiyle hedef ald\u0131klar\u0131n\u0131 belirtti.<\/p>\n<p>K\u0131z\u0131lay \u00d6rg\u00fct\u00fcnden bir kaynak ise vatanda\u015flar\u0131n sald\u0131r\u0131 sonucunda bir evde yang\u0131n\u0131n \u00e7\u0131kt\u0131\u011f\u0131 ihbar\u0131nda bulunmalar\u0131 ard\u0131ndan K\u0131z\u0131lay ara\u00e7lar\u0131n\u0131n olay yerine intikal ettiklerini belirtti.<\/p>\n<div id='gallery-1' class='gallery galleryid-63313 gallery-columns-3 gallery-size-thumbnail'><figure class='gallery-item'>\n\t\t\t<div class='gallery-icon landscape'>\n\t\t\t\t<a href='https:\/\/archive.sana.sy\/tr\/wp-content\/uploads\/2016\/03\/Derada-havan-sald\u0131r\u0131-6.jpg'><img loading=\"lazy\" decoding=\"async\" width=\"150\" height=\"85\" src=\"https:\/\/archive.sana.sy\/tr\/wp-content\/uploads\/2016\/03\/Derada-havan-sald\u0131r\u0131-6-150x85.jpg\" class=\"attachment-thumbnail size-thumbnail\" alt=\"\" srcset=\"https:\/\/archive.sana.sy\/tr\/wp-content\/uploads\/2016\/03\/Derada-havan-sald\u0131r\u0131-6-150x85.jpg 150w, https:\/\/archive.sana.sy\/tr\/wp-content\/uploads\/2016\/03\/Derada-havan-sald\u0131r\u0131-6-300x169.jpg 300w, https:\/\/archive.sana.sy\/tr\/wp-content\/uploads\/2016\/03\/Derada-havan-sald\u0131r\u0131-6-768x433.jpg 768w, https:\/\/archive.sana.sy\/tr\/wp-content\/uploads\/2016\/03\/Derada-havan-sald\u0131r\u0131-6-1024x577.jpg 1024w\" sizes=\"auto, (max-width: 150px) 100vw, 150px\" \/><\/a>\n\t\t\t<\/div><\/figure><figure class='gallery-item'>\n\t\t\t<div class='gallery-icon landscape'>\n\t\t\t\t<a href='https:\/\/archive.sana.sy\/tr\/wp-content\/uploads\/2016\/03\/Derada-havan-sald\u0131r\u0131.jpg'><img loading=\"lazy\" decoding=\"async\" width=\"150\" height=\"85\" src=\"https:\/\/archive.sana.sy\/tr\/wp-content\/uploads\/2016\/03\/Derada-havan-sald\u0131r\u0131-150x85.jpg\" class=\"attachment-thumbnail size-thumbnail\" alt=\"\" srcset=\"https:\/\/archive.sana.sy\/tr\/wp-content\/uploads\/2016\/03\/Derada-havan-sald\u0131r\u0131-150x85.jpg 150w, https:\/\/archive.sana.sy\/tr\/wp-content\/uploads\/2016\/03\/Derada-havan-sald\u0131r\u0131-300x169.jpg 300w, https:\/\/archive.sana.sy\/tr\/wp-content\/uploads\/2016\/03\/Derada-havan-sald\u0131r\u0131-768x433.jpg 768w, https:\/\/archive.sana.sy\/tr\/wp-content\/uploads\/2016\/03\/Derada-havan-sald\u0131r\u0131-1024x577.jpg 1024w\" sizes=\"auto, (max-width: 150px) 100vw, 150px\" \/><\/a>\n\t\t\t<\/div><\/figure><figure class='gallery-item'>\n\t\t\t<div class='gallery-icon landscape'>\n\t\t\t\t<a href='https:\/\/archive.sana.sy\/tr\/wp-content\/uploads\/2016\/03\/Derada-havan-sald\u0131r\u0131-2.jpg'><img loading=\"lazy\" decoding=\"async\" width=\"150\" height=\"85\" src=\"https:\/\/archive.sana.sy\/tr\/wp-content\/uploads\/2016\/03\/Derada-havan-sald\u0131r\u0131-2-150x85.jpg\" class=\"attachment-thumbnail size-thumbnail\" alt=\"\" srcset=\"https:\/\/archive.sana.sy\/tr\/wp-content\/uploads\/2016\/03\/Derada-havan-sald\u0131r\u0131-2-150x85.jpg 150w, https:\/\/archive.sana.sy\/tr\/wp-content\/uploads\/2016\/03\/Derada-havan-sald\u0131r\u0131-2-300x169.jpg 300w, https:\/\/archive.sana.sy\/tr\/wp-content\/uploads\/2016\/03\/Derada-havan-sald\u0131r\u0131-2-768x433.jpg 768w, https:\/\/archive.sana.sy\/tr\/wp-content\/uploads\/2016\/03\/Derada-havan-sald\u0131r\u0131-2-1024x577.jpg 1024w\" sizes=\"auto, (max-width: 150px) 100vw, 150px\" \/><\/a>\n\t\t\t<\/div><\/figure><figure class='gallery-item'>\n\t\t\t<div class='gallery-icon landscape'>\n\t\t\t\t<a href='https:\/\/archive.sana.sy\/tr\/wp-content\/uploads\/2016\/03\/Derada-havan-sald\u0131r\u0131-3.jpg'><img loading=\"lazy\" decoding=\"async\" width=\"150\" height=\"85\" src=\"https:\/\/archive.sana.sy\/tr\/wp-content\/uploads\/2016\/03\/Derada-havan-sald\u0131r\u0131-3-150x85.jpg\" class=\"attachment-thumbnail size-thumbnail\" alt=\"\" srcset=\"https:\/\/archive.sana.sy\/tr\/wp-content\/uploads\/2016\/03\/Derada-havan-sald\u0131r\u0131-3-150x85.jpg 150w, https:\/\/archive.sana.sy\/tr\/wp-content\/uploads\/2016\/03\/Derada-havan-sald\u0131r\u0131-3-300x169.jpg 300w, https:\/\/archive.sana.sy\/tr\/wp-content\/uploads\/2016\/03\/Derada-havan-sald\u0131r\u0131-3-768x433.jpg 768w, https:\/\/archive.sana.sy\/tr\/wp-content\/uploads\/2016\/03\/Derada-havan-sald\u0131r\u0131-3-1024x577.jpg 1024w\" sizes=\"auto, (max-width: 150px) 100vw, 150px\" \/><\/a>\n\t\t\t<\/div><\/figure><figure class='gallery-item'>\n\t\t\t<div class='gallery-icon landscape'>\n\t\t\t\t<a href='https:\/\/archive.sana.sy\/tr\/wp-content\/uploads\/2016\/03\/Derada-havan-sald\u0131r\u0131-4.jpg'><img loading=\"lazy\" decoding=\"async\" width=\"150\" height=\"85\" src=\"https:\/\/archive.sana.sy\/tr\/wp-content\/uploads\/2016\/03\/Derada-havan-sald\u0131r\u0131-4-150x85.jpg\" class=\"attachment-thumbnail size-thumbnail\" alt=\"\" srcset=\"https:\/\/archive.sana.sy\/tr\/wp-content\/uploads\/2016\/03\/Derada-havan-sald\u0131r\u0131-4-150x85.jpg 150w, https:\/\/archive.sana.sy\/tr\/wp-content\/uploads\/2016\/03\/Derada-havan-sald\u0131r\u0131-4-300x169.jpg 300w, https:\/\/archive.sana.sy\/tr\/wp-content\/uploads\/2016\/03\/Derada-havan-sald\u0131r\u0131-4-768x433.jpg 768w, https:\/\/archive.sana.sy\/tr\/wp-content\/uploads\/2016\/03\/Derada-havan-sald\u0131r\u0131-4-1024x577.jpg 1024w\" sizes=\"auto, (max-width: 150px) 100vw, 150px\" \/><\/a>\n\t\t\t<\/div><\/figure>\n\t\t<\/div>\n\n<p>https:\/\/www.youtube.com\/watch?v=n1sNzfE_ZEI<\/p>\n","protected":false},"excerpt":{"rendered":"<p>DERA \u2013 Tekfirci ter\u00f6ristler bug\u00fcn Dera Kentinin sivil yerle\u015fim alanlar\u0131ndan Sebil ve Matar semtlerini f\u00fcze ve havan roketleriyle geli\u015fig\u00fczel hedef ald\u0131lar. Dera Valili\u011finde yetkili bir kaynak SANA\u2019ya a\u00e7\u0131klamas\u0131nda; ter\u00f6ristlerin bug\u00fcn \u00f6\u011flen saatlerinde Dera Kentinin sivil yerle\u015fim alanlar\u0131ndan Sebil ve Matar semtlerinde vatanda\u015flar\u0131n evlerini 7 f\u00fcze ve havan roketiyle hedef ald\u0131klar\u0131n\u0131 belirtti. K\u0131z\u0131lay \u00d6rg\u00fct\u00fcnden bir kaynak &hellip;<\/p>\n","protected":false},"author":1,"featured_media":63343,"comment_status":"closed","ping_status":"closed","sticky":false,"template":"","format":"standard","meta":{"footnotes":""},"categories":[596,479,575,17988,478],"tags":[18237,17274,5010,19604,19034,17320],"class_list":["post-63313","post","type-post","status-publish","format-standard","has-post-thumbnail","","category-fotografli-raporlar","category-haberler-yerel","category-olaylar-ve-gercekler","category-son-haberler","category-yerel","tag-cihatcilar","tag-fuze-saldirisi","tag-havan-saldirilari","tag-sivil-vatandaslara-saldiri","tag-suriyeli-muhalifler","tag-tekfirciler"],"_links":{"self":[{"href":"https:\/\/archive.sana.sy\/tr\/index.php?rest_route=\/wp\/v2\/posts\/63313","targetHints":{"allow":["GET"]}}],"collection":[{"href":"https:\/\/archive.sana.sy\/tr\/index.php?rest_route=\/wp\/v2\/posts"}],"about":[{"href":"https:\/\/archive.sana.sy\/tr\/index.php?rest_route=\/wp\/v2\/types\/post"}],"author":[{"embeddable":true,"href":"https:\/\/archive.sana.sy\/tr\/index.php?rest_route=\/wp\/v2\/users\/1"}],"replies":[{"embeddable":true,"href":"https:\/\/archive.sana.sy\/tr\/index.php?rest_route=%2Fwp%2Fv2%2Fcomments&post=63313"}],"version-history":[{"count":0,"href":"https:\/\/archive.sana.sy\/tr\/index.php?rest_route=\/wp\/v2\/posts\/63313\/revisions"}],"wp:featuredmedia":[{"embeddable":true,"href":"https:\/\/archive.sana.sy\/tr\/index.php?rest_route=\/wp\/v2\/media\/63343"}],"wp:attachment":[{"href":"https:\/\/archive.sana.sy\/tr\/index.php?rest_route=%2Fwp%2Fv2%2Fmedia&parent=63313"}],"wp:term":[{"taxonomy":"category","embeddable":true,"href":"https:\/\/archive.sana.sy\/tr\/index.php?rest_route=%2Fwp%2Fv2%2Fcategories&post=63313"},{"taxonomy":"post_tag","embeddable":true,"href":"https:\/\/archive.sana.sy\/tr\/index.php?rest_route=%2Fwp%2Fv2%2Ftags&post=63313"}],"curies":[{"name":"wp","href":"https:\/\/api.w.org\/{rel}","templated":true}]}}