{"id":63316,"date":"2016-03-01T18:55:31","date_gmt":"2016-03-01T16:55:31","guid":{"rendered":"http:\/\/www.sana.sy\/tr\/?p=63316"},"modified":"2016-03-02T16:36:05","modified_gmt":"2016-03-02T14:36:05","slug":"turkiye-sinirindan-yapilan-top-atesinde-yabanci-gazeteciler-yaralandi","status":"publish","type":"post","link":"https:\/\/archive.sana.sy\/tr\/?p=63316","title":{"rendered":"T\u00fcrkiye S\u0131n\u0131r\u0131ndan Yap\u0131lan top Ate\u015finde Yabanc\u0131 Gazeteciler Yaraland\u0131"},"content":{"rendered":"<p>LAZK\u0130YE \u2013 Lazkiye k\u0131rsal\u0131nda saha kaynaklar\u0131 Erdo\u011fan ve rejiminin her t\u00fcrl\u00fc deste\u011fi temin ettikleri tekfirci ter\u00f6r \u00e7etelerinin Lazkiye k\u0131rsal\u0131n\u0131n Kensabba Beldesinde saha incelemelerinde bulunan Rus ve daha ba\u015fka yabanc\u0131 gazeteciler ekibine sald\u0131rd\u0131klar\u0131n\u0131 belirtti.<\/p>\n<p>Kaynaklar T\u00fcrkiye s\u0131n\u0131rlar\u0131na yak\u0131n Dama Kasabas\u0131ndan Rus, \u00c7inli, Bulgaristanl\u0131, Yunanl\u0131, Alman, Amerikali ve Kanadal\u0131 33 bas\u0131n mensubunun yer ald\u0131\u011f\u0131 yabanc\u0131 gazetecilerin bulundu\u011fu bas\u0131n ekibine\u00a0yap\u0131lan top sald\u0131r\u0131s\u0131nda bir k\u0131s\u0131m gazetecilerin yaraland\u0131\u011f\u0131n\u0131 aktard\u0131.<\/p>\n<p>G\u00fcn\u00fcn ilerleyen saatlerinde SANA&#8217;ya a\u00e7\u0131klama yapan askeri kaynak; ter\u00f6ristlerin bug\u00fcn T\u00fcrkiye s\u0131n\u0131rlar\u0131na yak\u0131n Bdama Beldesinden Kensabba Beldesinde bas\u0131n turunda bulunan yabanc\u0131 gazetecilere top ate\u015fiyle bulunduklar\u0131 sald\u0131r\u0131n\u0131n \u00c7at\u0131\u015fmalar\u0131 Durdurma Anla\u015fmas\u0131na a\u00e7\u0131k bir ihlal te\u015fkil etti\u011fini belirtti.<\/p>\n<p>Kaynak bu sald\u0131r\u0131n\u0131n ayn\u0131 zamanda T\u00fcrkiye&#8217;deki ihvanc\u0131 rejimin ter\u00f6re deste\u011fi ve anla\u015fmay\u0131 sabote etme y\u00f6n\u00fcndeki provokasyonuna a\u00e7\u0131k bir kan\u0131t olu\u015fturdu\u011funu vurgulad\u0131\u200f.<\/p>\n<p>Kaynak T\u00fcrkiye s\u0131n\u0131rlar\u0131na yak\u0131n Bdama Beldesinden yap\u0131lan top sald\u0131r\u0131s\u0131nda Rus, Kanadal\u0131, Bulgar ve \u00c7inli 4 gazetecinin yaraland\u0131klar\u0131na dikkat \u00e7ekti\u200f.<\/p>\n<p>Rusya Savunma Bakanl\u0131\u011f\u0131 s\u00f6zc\u00fcs\u00fc \u0130gor Kona\u015fenkov, sald\u0131r\u0131n\u0131n T\u00fcrkiye taraf\u0131na yak\u0131n b\u00f6lgeden d\u00fczenlendi\u011fini ve ate\u015fkes b\u00f6lgesinde bas\u0131n turu yapan yabanc\u0131 gazetecilerin yaraland\u0131\u011f\u0131n\u0131 s\u00f6yledi. Top at\u0131\u015f\u0131na hedef olan b\u00f6lgenin, cumartesi g\u00fcn\u00fc ba\u015flayan ate\u015fkes kapsam\u0131nda oldu\u011fu belirtiliyor.<\/p>\n","protected":false},"excerpt":{"rendered":"<p>LAZK\u0130YE \u2013 Lazkiye k\u0131rsal\u0131nda saha kaynaklar\u0131 Erdo\u011fan ve rejiminin her t\u00fcrl\u00fc deste\u011fi temin ettikleri tekfirci ter\u00f6r \u00e7etelerinin Lazkiye k\u0131rsal\u0131n\u0131n Kensabba Beldesinde saha incelemelerinde bulunan Rus ve daha ba\u015fka yabanc\u0131 gazeteciler ekibine sald\u0131rd\u0131klar\u0131n\u0131 belirtti. Kaynaklar T\u00fcrkiye s\u0131n\u0131rlar\u0131na yak\u0131n Dama Kasabas\u0131ndan Rus, \u00c7inli, Bulgaristanl\u0131, Yunanl\u0131, Alman, Amerikali ve Kanadal\u0131 33 bas\u0131n mensubunun yer ald\u0131\u011f\u0131 yabanc\u0131 gazetecilerin bulundu\u011fu &hellip;<\/p>\n","protected":false},"author":1,"featured_media":63464,"comment_status":"closed","ping_status":"closed","sticky":false,"template":"","format":"standard","meta":{"footnotes":""},"categories":[575,17988,2554,2555],"tags":[18643,19606,19161,19605],"class_list":["post-63316","post","type-post","status-publish","format-standard","has-post-thumbnail","","category-olaylar-ve-gercekler","category-son-haberler","category-suriye-ve-dunya","category-suriye-ve-turkiye","tag-lazkiye-kirsali","tag-teroristler-gazetecilere-saldirdi","tag-turkiye-sinirlari","tag-yabanci-gazetecilere-saldiri"],"_links":{"self":[{"href":"https:\/\/archive.sana.sy\/tr\/index.php?rest_route=\/wp\/v2\/posts\/63316","targetHints":{"allow":["GET"]}}],"collection":[{"href":"https:\/\/archive.sana.sy\/tr\/index.php?rest_route=\/wp\/v2\/posts"}],"about":[{"href":"https:\/\/archive.sana.sy\/tr\/index.php?rest_route=\/wp\/v2\/types\/post"}],"author":[{"embeddable":true,"href":"https:\/\/archive.sana.sy\/tr\/index.php?rest_route=\/wp\/v2\/users\/1"}],"replies":[{"embeddable":true,"href":"https:\/\/archive.sana.sy\/tr\/index.php?rest_route=%2Fwp%2Fv2%2Fcomments&post=63316"}],"version-history":[{"count":0,"href":"https:\/\/archive.sana.sy\/tr\/index.php?rest_route=\/wp\/v2\/posts\/63316\/revisions"}],"wp:featuredmedia":[{"embeddable":true,"href":"https:\/\/archive.sana.sy\/tr\/index.php?rest_route=\/wp\/v2\/media\/63464"}],"wp:attachment":[{"href":"https:\/\/archive.sana.sy\/tr\/index.php?rest_route=%2Fwp%2Fv2%2Fmedia&parent=63316"}],"wp:term":[{"taxonomy":"category","embeddable":true,"href":"https:\/\/archive.sana.sy\/tr\/index.php?rest_route=%2Fwp%2Fv2%2Fcategories&post=63316"},{"taxonomy":"post_tag","embeddable":true,"href":"https:\/\/archive.sana.sy\/tr\/index.php?rest_route=%2Fwp%2Fv2%2Ftags&post=63316"}],"curies":[{"name":"wp","href":"https:\/\/api.w.org\/{rel}","templated":true}]}}