{"id":63338,"date":"2016-03-01T18:11:33","date_gmt":"2016-03-01T16:11:33","guid":{"rendered":"http:\/\/www.sana.sy\/tr\/?p=63338"},"modified":"2016-03-02T19:34:19","modified_gmt":"2016-03-02T17:34:19","slug":"terore-karsi-operasyonlar-araliksiz-devam-ediyor-6","status":"publish","type":"post","link":"https:\/\/archive.sana.sy\/tr\/?p=63338","title":{"rendered":"Ter\u00f6re Kar\u015f\u0131 Operasyonlar Aral\u0131ks\u0131z Devam Ediyor"},"content":{"rendered":"<p>\u0130LLER \u2013 Kahraman ordu birliklerimiz, b\u00fct\u00fcn hezimetlerine ra\u011fmen karanl\u0131k tekfirci d\u00fc\u015f\u00fcnce ve faaliyetlerini s\u00fcrd\u00fcren silahl\u0131 ter\u00f6r gruplara kar\u015f\u0131 operasyonlar\u0131na ara vermeden devam ediyorlar. Bu \u00e7er\u00e7evede \u00e7ok say\u0131da ter\u00f6r yuvas\u0131 ve grubu kahraman birliklerimiz taraf\u0131ndan tamamen yok edilirken onlarca ter\u00f6rist \u00f6l\u00fc ve yaral\u0131 d\u00fc\u015f\u00fcr\u00fcld\u00fc.<\/p>\n<p><span style=\"color: #0000ff\">DEYREZZOR:<\/span><\/p>\n<p>SANA\u2019ya a\u00e7\u0131klama yapan askeri bir kaynak; hava g\u00fc\u00e7lerimizin Deyrezzor k\u0131rsal\u0131n\u0131n do\u011fusu Cafra ve Beyt D\u011faym k\u00f6ylerinde I\u015e\u0130D ter\u00f6r \u00f6rg\u00fct\u00fcne tabi komuta karargahlar\u0131na y\u00f6nelik hava operasyonlar\u0131 ger\u00e7ekle\u015ftirdiklerini ifade etti. Kaynak; operasyonlarda \u00e7ok say\u0131da ter\u00f6ristin \u00f6l\u00fc ve yaral\u0131 d\u00fc\u015f\u00fcr\u00fcl\u00fcp bir k\u0131sm\u0131 a\u011f\u0131r silahlarla donat\u0131lm\u0131\u015f ara\u00e7lar\u0131n\u0131n yan\u0131 s\u0131ra silah ve m\u00fchimmatlar\u0131n\u0131n da yok edildi\u011fine dikkat \u00e7ekti.<\/p>\n<p>Bu arada ordu birliklerimizin Deyrezzor Kenti Hamidiye ve R\u00fc\u015fdiye semtlerinde I\u015e\u0130D\u2019in siper ve yuvalar\u0131n\u0131 yo\u011fun ate\u015fe tuttuklar\u0131n\u0131 aktaran kaynak; yine \u00e7ok say\u0131da ter\u00f6risti \u00f6ld\u00fcr\u00fcp havzalar\u0131nda bulunan silah ve m\u00fchimmatlar\u0131n\u0131 imha ettiklerini s\u00f6zlerine ekledi.<\/p>\n<p><span style=\"color: #0000ff\">HOMS:<\/span><\/p>\n<p>\u00d6te yandan saha kaynaklar\u0131 SANA\u2019ya a\u00e7\u0131klamalar\u0131nda; hava g\u00fc\u00e7lerimizin son 24 saat i\u00e7inde Homs Kentinin yakla\u015f\u0131k 85 km g\u00fcneydo\u011fusuna d\u00fc\u015fen Karyeteyn Kentinin yan\u0131 s\u0131ra Mhasse K\u00f6y\u00fcn\u00fcn kav\u015fa\u011f\u0131nda I\u015e\u0130D\u2019in toplanma yerleri ve mevkilerini hedef almalar\u0131yla tekfircilerin saflar\u0131nda a\u011f\u0131r kay\u0131plara yol a\u00e7t\u0131klar\u0131n\u0131 belirtti.<\/p>\n<p><span style=\"color: #0000ff\">HAMA:<\/span><\/p>\n<p>Askeri kaynak; ordu birliklerimizin Halk Savunma G\u00fc\u00e7leriyle i\u015fbirli\u011fi i\u00e7inde Hama k\u0131rsal\u0131n\u0131n g\u00fcneyi Hurbinafse ekseninde katil Erdo\u011fan rejimine ba\u011fl\u0131 Nusra Cephesinden 28 ter\u00f6risti \u00f6ld\u00fcr\u00fcp a\u011f\u0131r makineli silahla donat\u0131lm\u0131\u015f 2 arac\u0131n\u0131n yan\u0131 s\u0131ra havan rampalar\u0131 ve bir topu ekibiyle birlikte\u200f imha ettiklerini belirtti.<\/p>\n","protected":false},"excerpt":{"rendered":"<p>\u0130LLER \u2013 Kahraman ordu birliklerimiz, b\u00fct\u00fcn hezimetlerine ra\u011fmen karanl\u0131k tekfirci d\u00fc\u015f\u00fcnce ve faaliyetlerini s\u00fcrd\u00fcren silahl\u0131 ter\u00f6r gruplara kar\u015f\u0131 operasyonlar\u0131na ara vermeden devam ediyorlar. Bu \u00e7er\u00e7evede \u00e7ok say\u0131da ter\u00f6r yuvas\u0131 ve grubu kahraman birliklerimiz taraf\u0131ndan tamamen yok edilirken onlarca ter\u00f6rist \u00f6l\u00fc ve yaral\u0131 d\u00fc\u015f\u00fcr\u00fcld\u00fc. DEYREZZOR: SANA\u2019ya a\u00e7\u0131klama yapan askeri bir kaynak; hava g\u00fc\u00e7lerimizin Deyrezzor k\u0131rsal\u0131n\u0131n do\u011fusu &hellip;<\/p>\n","protected":false},"author":1,"featured_media":63336,"comment_status":"closed","ping_status":"closed","sticky":false,"template":"","format":"standard","meta":{"footnotes":""},"categories":[575],"tags":[],"class_list":["post-63338","post","type-post","status-publish","format-standard","has-post-thumbnail","","category-olaylar-ve-gercekler"],"_links":{"self":[{"href":"https:\/\/archive.sana.sy\/tr\/index.php?rest_route=\/wp\/v2\/posts\/63338","targetHints":{"allow":["GET"]}}],"collection":[{"href":"https:\/\/archive.sana.sy\/tr\/index.php?rest_route=\/wp\/v2\/posts"}],"about":[{"href":"https:\/\/archive.sana.sy\/tr\/index.php?rest_route=\/wp\/v2\/types\/post"}],"author":[{"embeddable":true,"href":"https:\/\/archive.sana.sy\/tr\/index.php?rest_route=\/wp\/v2\/users\/1"}],"replies":[{"embeddable":true,"href":"https:\/\/archive.sana.sy\/tr\/index.php?rest_route=%2Fwp%2Fv2%2Fcomments&post=63338"}],"version-history":[{"count":0,"href":"https:\/\/archive.sana.sy\/tr\/index.php?rest_route=\/wp\/v2\/posts\/63338\/revisions"}],"wp:featuredmedia":[{"embeddable":true,"href":"https:\/\/archive.sana.sy\/tr\/index.php?rest_route=\/wp\/v2\/media\/63336"}],"wp:attachment":[{"href":"https:\/\/archive.sana.sy\/tr\/index.php?rest_route=%2Fwp%2Fv2%2Fmedia&parent=63338"}],"wp:term":[{"taxonomy":"category","embeddable":true,"href":"https:\/\/archive.sana.sy\/tr\/index.php?rest_route=%2Fwp%2Fv2%2Fcategories&post=63338"},{"taxonomy":"post_tag","embeddable":true,"href":"https:\/\/archive.sana.sy\/tr\/index.php?rest_route=%2Fwp%2Fv2%2Ftags&post=63338"}],"curies":[{"name":"wp","href":"https:\/\/api.w.org\/{rel}","templated":true}]}}