{"id":6334,"date":"2014-08-03T10:35:57","date_gmt":"2014-08-03T07:35:57","guid":{"rendered":"http:\/\/www.sana.sy\/tr\/?p=6334"},"modified":"2014-08-03T12:26:02","modified_gmt":"2014-08-03T09:26:02","slug":"teroristlere-ait-onlarca-arac-muhtevalariyla-imha-edildi","status":"publish","type":"post","link":"https:\/\/archive.sana.sy\/tr\/?p=6334","title":{"rendered":"Ter\u00f6ristlerin L\u00fcbnan&#8217;dan S\u0131zma Giri\u015fimleri \u00c7\u00f6kertildi"},"content":{"rendered":"<p>\u0130LLER \u2013 Vatan koruyucular\u0131m\u0131z yurdun muhtelif b\u00f6lgelerinde tekfirci ve hain ter\u00f6r \u00e7eteleri say\u0131 ve te\u00e7hizatlar\u0131yla a\u011f\u0131r kay\u0131plara u\u011fratmaya devam ediyor.<\/p>\n<p><span style=\"color: #0000ff\">\u015eam K\u0131rsal\u0131nda L\u00fcbnan\u2019dan S\u0131zmaya\u00a0\u00c7al\u0131\u015fan Ter\u00f6ristlere Kar\u015f\u0131 Koyuldu<\/span><\/p>\n<p>Askeri bir kaynak ordu birliklerimizin Halk Savunma G\u00fc\u00e7leriyle i\u015fbirli\u011fi i\u00e7inde \u015eam k\u0131rsal\u0131n\u0131n Kalemun B\u00f6lgesinde L\u00fcbnan\u2019\u0131n Crud Ersal B\u00f6lgesinden Cubba Beldesine s\u0131zmaya \u00e7al\u0131\u015fan ter\u00f6ristlere kar\u015f\u0131 koyduklar\u0131n\u0131 aktard\u0131.<\/p>\n<p>Kaynak \u00e7at\u0131\u015fmada sald\u0131rganlar\u0131n \u00e7o\u011funun \u00f6l\u00fc yaral\u0131 d\u00fc\u015f\u00fcr\u00fcld\u00fc\u011f\u00fcn\u00fc belirtti.<\/p>\n<p><span style=\"color: #0000ff\">Halep ve K\u0131rsal\u0131nda Ara\u00e7lar\u0131yla \u0130mha Edildiler<\/span><\/p>\n<p>Vatan koruyucular\u0131 ordu birliklerimiz Halep ve k\u0131rsal\u0131nda \u00e7okuluslu ter\u00f6re kar\u015f\u0131 operasyonlar\u0131n\u0131 ba\u015far\u0131yla s\u00fcrd\u00fcr\u00fcrken; Izeyza K\u00f6y\u00fc civarlar\u0131nda bir ter\u00f6r grubunun t\u00fcm \u00fcyelerini silah ve ara\u00e7lar\u0131yla etkisiz hale getirdi.<\/p>\n<p>Ordu birliklerimiz ayr\u0131ca Halep k\u0131rsal\u0131n\u0131n Hanas\u0131r civar\u0131, Han Toman, \u0130karda, Tel Refat, Mennig, Cub el Kas\u0131m, Cemacima ve Bab el Hadid b\u00f6lgelerine ilaveten Halep Kentinin \u015eear ve Hayyan semtlerinde aralar\u0131nda yabanc\u0131lar\u0131n da bulundu\u011fu onlarca ter\u00f6risti \u00f6l\u00fc yaral\u0131 d\u00fc\u015f\u00fcrd\u00fc.<\/p>\n<p>Askeri kaynak ordu birliklerimizin Han el Asel ve Kaptan el Cebel b\u00f6lgelerinde ter\u00f6ristlerin kulland\u0131\u011f\u0131 ve bir k\u0131sm\u0131 a\u011f\u0131r makineli silahla donat\u0131lm\u0131\u015f 26\u2019dan fazla arac\u0131 imha ettiklerini belirtti.<\/p>\n<p>Kaynak ordu birliklerimizin yine Halep k\u0131rsal\u0131nda biri u\u00e7aksavarla donat\u0131lm\u0131\u015f olmak \u00fczere 2 arac\u0131 imha ettiklerini aktar\u0131rken Halep Kentinin Ra\u015fidin Semtinde ter\u00f6ristlere ait bir ara\u00e7 konvoyunu ta\u015f\u0131d\u0131\u011f\u0131 silah ve ter\u00f6ristlerle birlikte imha ettiklerini belirtti.<\/p>\n<p>Ordu birliklerimizin Halep k\u0131rsal\u0131n\u0131n Daret Ezza ve Havr b\u00f6lgelerinde iki ter\u00f6r yuvas\u0131n\u0131 tamamen etkisiz hale getirdi\u011fini belirten kaynak; iki yuvadaki ter\u00f6ristler, ara\u00e7 ve cephanelerin t\u00fcm\u00fcyle yok edildi\u011fini s\u00f6yledi.<\/p>\n<p><span style=\"color: #0000ff\">\u0130dlib K\u0131rsal\u0131nda Yabanc\u0131 Ter\u00f6ristler \u00d6ld\u00fcr\u00fcld\u00fc<\/span><\/p>\n<p>Askeri kaynak ordu birliklerimizin \u0130dlib iline tabi Cisr el \u015eu\u011fur B\u00f6lgesinde Halluz K\u00f6y\u00fcnden \u0130\u015ftabrak Beldesi y\u00f6n\u00fcnde s\u0131zmaya \u00e7al\u0131\u015fan ter\u00f6ristlere kar\u015f\u0131 koyarak onlar\u0131 say\u0131 ve te\u00e7hizatlar\u0131yla a\u011f\u0131r kay\u0131plara u\u011fratt\u0131klar\u0131n\u0131 belirtti. Kaynak \u00f6ld\u00fcr\u00fclen ter\u00f6ristler aras\u0131nda Da\u011f\u0131stan ve \u00c7e\u00e7enistan uyruklu yabanc\u0131lar\u0131n bulundu\u011funu ifade etti.<\/p>\n<p>Kaynak ordu birliklerimizin ayr\u0131ca \u0130dlib k\u0131rsal\u0131n\u0131n Kefar Lata, Reyhaniye Tavuk \u00c7iftli\u011fi, Maarbleyt, Meriiyan, Bsamis, Kefar \u015elaya, Esediye harabesi yak\u0131nlar\u0131 ve Nahla b\u00f6lgelerinde ter\u00f6ristlerin k\u00fcmelenme yerlerini hedef alarak aralar\u0131nda ter\u00f6r eleba\u015f\u0131 Abdo Salih ve \u00e7ok say\u0131da tan\u0131nm\u0131\u015f tehlikeli ter\u00f6ristin bulundu\u011fu onlarca ter\u00f6risti su\u00e7 edatlar\u0131yla birlikte etkisiz hale getirdiklerini belirtti. Kaynak operasyonlarda ayr\u0131ca biri cephane ve silah y\u00fckl\u00fc, di\u011feri de a\u011f\u0131r makineli silahla donat\u0131lm\u0131\u015f olan 2 arac\u0131n beraberlerindeki ter\u00f6ristlerle birlikte havaya u\u00e7urulduklar\u0131n\u0131 s\u00f6yledi.<\/p>\n<p>Ordu birliklerimizin yine \u0130dlib k\u0131rsal\u0131 Benni\u015f ve Sermin Beldesi civarlar\u0131nda onlarca ter\u00f6risti \u00f6l\u00fc yaral\u0131 d\u00fc\u015f\u00fcrd\u00fcklerini belirten kaynak; a\u011f\u0131r makineli silahlarla donat\u0131lm\u0131\u015f 6 arac\u0131n imha edildi\u011fini belirtirken, \u00f6ld\u00fcr\u00fclen ter\u00f6ristler aras\u0131nda \u2018C\u00fcnd el \u015eam\u2019 ter\u00f6r olu\u015fumundan keskin ni\u015fanc\u0131 bir ter\u00f6rist ve bir\u00e7ok az\u0131l\u0131 ter\u00f6ristin bulundu\u011funu ifade etti.<\/p>\n<p>\u0130dlib k\u0131rsal\u0131n\u0131n Meiyan Beldesi civar\u0131nda bir ter\u00f6r grubunu hedef alan ordu birliklerimiz bir\u00e7ok ter\u00f6risti \u00f6l\u00fc yaral\u0131 d\u00fc\u015f\u00fcrd\u00fc.<\/p>\n<p><span style=\"color: #0000ff\">Dera ve K\u0131rsal\u0131nda Ara\u00e7 Konvoylar\u0131 \u0130mha Edildi<\/span><\/p>\n<p>Vatan koruyucular\u0131m\u0131z Dera k\u0131rsal\u0131n\u0131n Tel H\u0131z\u0131r civar\u0131, Dael, Ibtah, Etman ve Tel Mutavvak b\u00f6lgelerinde onlarca ter\u00f6risti \u00f6l\u00fc yaral\u0131 d\u00fc\u015f\u00fcrd\u00fc.<\/p>\n<p>\u015eeyh Sait karayolu \u00fczerinde cephane ta\u015f\u0131yan bir arac\u0131 imha eden ordu birliklerimiz Dera Beled\u2019in Masri bulvar\u0131 yak\u0131nlar\u0131nda bir\u00e7ok ter\u00f6risti etkisiz hale getirdi.<\/p>\n<p>\u00d6te yandan askeri kaynak ordu birliklerimizin ayr\u0131ca yine Dera k\u0131rsal\u0131n\u0131n L\u00fcca B\u00f6lgesinin Musab ve Camra k\u00f6ylerinde ter\u00f6ristlere ait ara\u00e7 konvoylar\u0131n\u0131 ta\u015f\u0131d\u0131\u011f\u0131 cephane ve ter\u00f6ristlerle birlikte etkisiz hale getirdiklerini s\u00f6yledi.<\/p>\n<p><span style=\"color: #0000ff\">Homs K\u0131rsal\u0131nda Cephane ve Ter\u00f6rist Ta\u015f\u0131yan Botlar \u0130mha Edildi<\/span><\/p>\n<p>Askeri kaynak ordu birliklerimizin Homs k\u0131rsal\u0131n\u0131n Resten G\u00f6l\u00fcnde Kiysin ve el Gacar k\u00f6yleri yak\u0131nlar\u0131nda ter\u00f6rist ve cephane ta\u015f\u0131yan deniz botlar\u0131n\u0131 muhtevalar\u0131yla imha ettiklerini belirtti.<\/p>\n<p>Kaynak Homs iline tabi Tedmur\u2019un Karyeteyn K\u00f6y\u00fc g\u00fcneyinde Vadi el Ayn B\u00f6lgesinde askeri bir noktaya sald\u0131r\u0131 giri\u015fiminde bulunan ter\u00f6ristlere kar\u015f\u0131 koyularak sald\u0131rganlar\u0131n t\u00fcm\u00fcn\u00fcn silah ve ara\u00e7lar\u0131yla etkisiz olarak ele ge\u00e7irildiklerini aktard\u0131.<\/p>\n<p>Ordu birliklerimizin yine Homs k\u0131rsal\u0131n\u0131n Um el Sahric, Ink el Hava, Rhum ve Do\u011fu Selam b\u00f6lgelerinde \u00e7ok say\u0131da ter\u00f6risti \u00f6l\u00fc yaral\u0131 d\u00fc\u015f\u00fcrd\u00fcklerini belirten kaynak; Teldo, Burc el Kai, Kfar Laha, Zahir \u00c7iftli\u011fi, Ebu el Sanasil\u2019in do\u011fusu ve Vaer b\u00f6lgelerinde yuva ve k\u00fcmelenme yerlerini hedef ald\u0131klar\u0131n\u0131 ifade etti. Kaynak operasyonlarda onlarca ter\u00f6ristin \u00f6l\u00fc yaral\u0131 d\u00fc\u015f\u00fcr\u00fcld\u00fc\u011f\u00fcn\u00fc, a\u011f\u0131r makineli silahlarla donat\u0131lm\u0131\u015f bir\u00e7ok ara\u00e7lar\u0131n\u0131n da imha edildi\u011fini s\u00f6yledi.<\/p>\n","protected":false},"excerpt":{"rendered":"<p>\u0130LLER \u2013 Vatan koruyucular\u0131m\u0131z yurdun muhtelif b\u00f6lgelerinde tekfirci ve hain ter\u00f6r \u00e7eteleri say\u0131 ve te\u00e7hizatlar\u0131yla a\u011f\u0131r kay\u0131plara u\u011fratmaya devam ediyor. \u015eam K\u0131rsal\u0131nda L\u00fcbnan\u2019dan S\u0131zmaya\u00a0\u00c7al\u0131\u015fan Ter\u00f6ristlere Kar\u015f\u0131 Koyuldu Askeri bir kaynak ordu birliklerimizin Halk Savunma G\u00fc\u00e7leriyle i\u015fbirli\u011fi i\u00e7inde \u015eam k\u0131rsal\u0131n\u0131n Kalemun B\u00f6lgesinde L\u00fcbnan\u2019\u0131n Crud Ersal B\u00f6lgesinden Cubba Beldesine s\u0131zmaya \u00e7al\u0131\u015fan ter\u00f6ristlere kar\u015f\u0131 koyduklar\u0131n\u0131 aktard\u0131. Kaynak \u00e7at\u0131\u015fmada &hellip;<\/p>\n","protected":false},"author":1,"featured_media":6358,"comment_status":"closed","ping_status":"closed","sticky":false,"template":"","format":"standard","meta":{"footnotes":""},"categories":[575],"tags":[1408],"class_list":["post-6334","post","type-post","status-publish","format-standard","has-post-thumbnail","","category-olaylar-ve-gercekler","tag-teroristlerin-lubnandan-sizma-girisimleri-cokertildi"],"_links":{"self":[{"href":"https:\/\/archive.sana.sy\/tr\/index.php?rest_route=\/wp\/v2\/posts\/6334","targetHints":{"allow":["GET"]}}],"collection":[{"href":"https:\/\/archive.sana.sy\/tr\/index.php?rest_route=\/wp\/v2\/posts"}],"about":[{"href":"https:\/\/archive.sana.sy\/tr\/index.php?rest_route=\/wp\/v2\/types\/post"}],"author":[{"embeddable":true,"href":"https:\/\/archive.sana.sy\/tr\/index.php?rest_route=\/wp\/v2\/users\/1"}],"replies":[{"embeddable":true,"href":"https:\/\/archive.sana.sy\/tr\/index.php?rest_route=%2Fwp%2Fv2%2Fcomments&post=6334"}],"version-history":[{"count":0,"href":"https:\/\/archive.sana.sy\/tr\/index.php?rest_route=\/wp\/v2\/posts\/6334\/revisions"}],"wp:featuredmedia":[{"embeddable":true,"href":"https:\/\/archive.sana.sy\/tr\/index.php?rest_route=\/wp\/v2\/media\/6358"}],"wp:attachment":[{"href":"https:\/\/archive.sana.sy\/tr\/index.php?rest_route=%2Fwp%2Fv2%2Fmedia&parent=6334"}],"wp:term":[{"taxonomy":"category","embeddable":true,"href":"https:\/\/archive.sana.sy\/tr\/index.php?rest_route=%2Fwp%2Fv2%2Fcategories&post=6334"},{"taxonomy":"post_tag","embeddable":true,"href":"https:\/\/archive.sana.sy\/tr\/index.php?rest_route=%2Fwp%2Fv2%2Ftags&post=6334"}],"curies":[{"name":"wp","href":"https:\/\/api.w.org\/{rel}","templated":true}]}}