{"id":63353,"date":"2016-03-01T19:05:29","date_gmt":"2016-03-01T17:05:29","guid":{"rendered":"http:\/\/www.sana.sy\/tr\/?p=63353"},"modified":"2016-03-01T19:01:18","modified_gmt":"2016-03-01T17:01:18","slug":"kaynak-bu-saldirinin-ayni-zamanda-turkiyedeki-ihvanci-rejimin-terore-destegi-ve-anlasmayi-sabote-etme-yonundeki-provokasyonuna-acik-bir-kanit-olusturdugunu-vurguladi%e2%80%8f","status":"publish","type":"post","link":"https:\/\/archive.sana.sy\/tr\/?p=63353","title":{"rendered":"Kaynak bu sald\u0131r\u0131n\u0131n ayn\u0131 zamanda T\u00fcrkiye&#8217;deki ihvanc\u0131 rejimin ter\u00f6re deste\u011fi ve anla\u015fmay\u0131 sabote etme y\u00f6n\u00fcndeki provokasyonuna a\u00e7\u0131k bir kan\u0131t olu\u015fturdu\u011funu vurgulad\u0131\u200f"},"content":{"rendered":"<p>Kaynak bu sald\u0131r\u0131n\u0131n ayn\u0131 zamanda T\u00fcrkiye&#8217;deki ihvanc\u0131 rejimin ter\u00f6re deste\u011fi ve anla\u015fmay\u0131 sabote etme y\u00f6n\u00fcndeki provokasyonuna a\u00e7\u0131k bir kan\u0131t olu\u015fturdu\u011funu vurgulad\u0131\u200f<\/p>\n","protected":false},"excerpt":{"rendered":"<p>Kaynak bu sald\u0131r\u0131n\u0131n ayn\u0131 zamanda T\u00fcrkiye&#8217;deki ihvanc\u0131 rejimin ter\u00f6re deste\u011fi ve anla\u015fmay\u0131 sabote etme y\u00f6n\u00fcndeki provokasyonuna a\u00e7\u0131k bir kan\u0131t olu\u015fturdu\u011funu vurgulad\u0131\u200f<\/p>\n","protected":false},"author":1,"featured_media":0,"comment_status":"closed","ping_status":"closed","sticky":false,"template":"","format":"standard","meta":{"footnotes":""},"categories":[17991],"tags":[],"class_list":["post-63353","post","type-post","status-publish","format-standard","","category-son-dakika"],"_links":{"self":[{"href":"https:\/\/archive.sana.sy\/tr\/index.php?rest_route=\/wp\/v2\/posts\/63353","targetHints":{"allow":["GET"]}}],"collection":[{"href":"https:\/\/archive.sana.sy\/tr\/index.php?rest_route=\/wp\/v2\/posts"}],"about":[{"href":"https:\/\/archive.sana.sy\/tr\/index.php?rest_route=\/wp\/v2\/types\/post"}],"author":[{"embeddable":true,"href":"https:\/\/archive.sana.sy\/tr\/index.php?rest_route=\/wp\/v2\/users\/1"}],"replies":[{"embeddable":true,"href":"https:\/\/archive.sana.sy\/tr\/index.php?rest_route=%2Fwp%2Fv2%2Fcomments&post=63353"}],"version-history":[{"count":0,"href":"https:\/\/archive.sana.sy\/tr\/index.php?rest_route=\/wp\/v2\/posts\/63353\/revisions"}],"wp:attachment":[{"href":"https:\/\/archive.sana.sy\/tr\/index.php?rest_route=%2Fwp%2Fv2%2Fmedia&parent=63353"}],"wp:term":[{"taxonomy":"category","embeddable":true,"href":"https:\/\/archive.sana.sy\/tr\/index.php?rest_route=%2Fwp%2Fv2%2Fcategories&post=63353"},{"taxonomy":"post_tag","embeddable":true,"href":"https:\/\/archive.sana.sy\/tr\/index.php?rest_route=%2Fwp%2Fv2%2Ftags&post=63353"}],"curies":[{"name":"wp","href":"https:\/\/api.w.org\/{rel}","templated":true}]}}