{"id":63358,"date":"2016-03-01T20:32:33","date_gmt":"2016-03-01T18:32:33","guid":{"rendered":"http:\/\/www.sana.sy\/tr\/?p=63358"},"modified":"2016-03-01T20:32:33","modified_gmt":"2016-03-01T18:32:33","slug":"askeri-kaynak-ordu-birliklerimizin-halk-savunma-gucleriyle-isbirligi-icinde-hama-kirsalinin-guneyi-hurbinafse-ekseninde-katil-erdogan-rejimine-bagli-nusra-cephesinden-28-teroristi-oldurup-agir-makine","status":"publish","type":"post","link":"https:\/\/archive.sana.sy\/tr\/?p=63358","title":{"rendered":"Askeri kaynak; ordu birliklerimizin Halk Savunma G\u00fc\u00e7leriyle i\u015fbirli\u011fi i\u00e7inde Hama k\u0131rsal\u0131n\u0131n g\u00fcneyi Hurbinafse ekseninde katil Erdo\u011fan rejimine ba\u011fl\u0131 Nusra Cephesinden 28 ter\u00f6risti \u00f6ld\u00fcr\u00fcp a\u011f\u0131r makineli silahla donat\u0131lm\u0131\u015f 2 arac\u0131n\u0131n yan\u0131 s\u0131ra havan rampalar\u0131 ve bir topu ekibiyle birlikte\u200f imha ettiklerini belirtti"},"content":{"rendered":"<p>Askeri kaynak; ordu birliklerimizin Halk Savunma G\u00fc\u00e7leriyle i\u015fbirli\u011fi i\u00e7inde Hama k\u0131rsal\u0131n\u0131n g\u00fcneyi Hurbinafse ekseninde katil Erdo\u011fan rejimine ba\u011fl\u0131 Nusra Cephesinden 28 ter\u00f6risti \u00f6ld\u00fcr\u00fcp a\u011f\u0131r makineli silahla donat\u0131lm\u0131\u015f 2 arac\u0131n\u0131n yan\u0131 s\u0131ra havan rampalar\u0131 ve bir topu ekibiyle birlikte\u200f imha ettiklerini belirtti.<\/p>\n","protected":false},"excerpt":{"rendered":"<p>Askeri kaynak; ordu birliklerimizin Halk Savunma G\u00fc\u00e7leriyle i\u015fbirli\u011fi i\u00e7inde Hama k\u0131rsal\u0131n\u0131n g\u00fcneyi Hurbinafse ekseninde katil Erdo\u011fan rejimine ba\u011fl\u0131 Nusra Cephesinden 28 ter\u00f6risti \u00f6ld\u00fcr\u00fcp a\u011f\u0131r makineli silahla donat\u0131lm\u0131\u015f 2 arac\u0131n\u0131n yan\u0131 s\u0131ra havan rampalar\u0131 ve bir topu ekibiyle birlikte\u200f imha ettiklerini belirtti.<\/p>\n","protected":false},"author":1,"featured_media":0,"comment_status":"closed","ping_status":"closed","sticky":false,"template":"","format":"standard","meta":{"footnotes":""},"categories":[17991],"tags":[],"class_list":["post-63358","post","type-post","status-publish","format-standard","","category-son-dakika"],"_links":{"self":[{"href":"https:\/\/archive.sana.sy\/tr\/index.php?rest_route=\/wp\/v2\/posts\/63358","targetHints":{"allow":["GET"]}}],"collection":[{"href":"https:\/\/archive.sana.sy\/tr\/index.php?rest_route=\/wp\/v2\/posts"}],"about":[{"href":"https:\/\/archive.sana.sy\/tr\/index.php?rest_route=\/wp\/v2\/types\/post"}],"author":[{"embeddable":true,"href":"https:\/\/archive.sana.sy\/tr\/index.php?rest_route=\/wp\/v2\/users\/1"}],"replies":[{"embeddable":true,"href":"https:\/\/archive.sana.sy\/tr\/index.php?rest_route=%2Fwp%2Fv2%2Fcomments&post=63358"}],"version-history":[{"count":0,"href":"https:\/\/archive.sana.sy\/tr\/index.php?rest_route=\/wp\/v2\/posts\/63358\/revisions"}],"wp:attachment":[{"href":"https:\/\/archive.sana.sy\/tr\/index.php?rest_route=%2Fwp%2Fv2%2Fmedia&parent=63358"}],"wp:term":[{"taxonomy":"category","embeddable":true,"href":"https:\/\/archive.sana.sy\/tr\/index.php?rest_route=%2Fwp%2Fv2%2Fcategories&post=63358"},{"taxonomy":"post_tag","embeddable":true,"href":"https:\/\/archive.sana.sy\/tr\/index.php?rest_route=%2Fwp%2Fv2%2Ftags&post=63358"}],"curies":[{"name":"wp","href":"https:\/\/api.w.org\/{rel}","templated":true}]}}