{"id":63408,"date":"2016-03-02T12:00:02","date_gmt":"2016-03-02T10:00:02","guid":{"rendered":"http:\/\/www.sana.sy\/tr\/?p=63408"},"modified":"2016-03-03T16:06:48","modified_gmt":"2016-03-03T14:06:48","slug":"tank-ve-top-mermileri-yuklu-arac-yakalandi","status":"publish","type":"post","link":"https:\/\/archive.sana.sy\/tr\/?p=63408","title":{"rendered":"Tank ve Top Mermileri Y\u00fckl\u00fc Ara\u00e7 Yakaland\u0131(video)"},"content":{"rendered":"<p>S\u00dcVEYDA \u2013 G\u00fcvenlik birimleri bug\u00fcn S\u00fcveyda k\u0131rsal\u0131n\u0131n kuzey bat\u0131s\u0131nda Dera k\u0131rsal\u0131ndan S\u00fcveyda k\u0131rsal\u0131n\u0131n Do\u011fu Badiye B\u00f6lgesindeki ter\u00f6ristler istikametinde seyir eden cephane y\u00fckl\u00fc bir ara\u00e7 yakalad\u0131.<\/p>\n<p><a href=\"http:\/\/www.sana.sy\/tr\/wp-content\/uploads\/2016\/03\/S\u00fcveydada-cephane.jpg\"><img loading=\"lazy\" decoding=\"async\" class=\"alignright wp-image-63452 size-medium\" src=\"http:\/\/www.sana.sy\/tr\/wp-content\/uploads\/2016\/03\/S\u00fcveydada-cephane-300x198.jpg\" alt=\"S\u00fcveyda'da cephane\" width=\"300\" height=\"198\" srcset=\"https:\/\/archive.sana.sy\/tr\/wp-content\/uploads\/2016\/03\/S\u00fcveydada-cephane-300x198.jpg 300w, https:\/\/archive.sana.sy\/tr\/wp-content\/uploads\/2016\/03\/S\u00fcveydada-cephane-150x99.jpg 150w, https:\/\/archive.sana.sy\/tr\/wp-content\/uploads\/2016\/03\/S\u00fcveydada-cephane-768x506.jpg 768w, https:\/\/archive.sana.sy\/tr\/wp-content\/uploads\/2016\/03\/S\u00fcveydada-cephane-1024x675.jpg 1024w, https:\/\/archive.sana.sy\/tr\/wp-content\/uploads\/2016\/03\/S\u00fcveydada-cephane-310x205.jpg 310w\" sizes=\"auto, (max-width: 300px) 100vw, 300px\" \/><\/a>S\u00fcveyda Valili\u011finde bir kaynak SANA\u2019ya a\u00e7\u0131klamas\u0131nda; soru\u015fturma ve takip ard\u0131ndan g\u00fcvenlik birimlerinin ger\u00e7ekle\u015ftirdikleri operasyonda tank ve B 9 tipi toplar i\u00e7in \u00e7ok say\u0131da mermi ta\u015f\u0131yan bir arac\u0131 yakalad\u0131klar\u0131n\u0131 ifade etti.<\/p>\n<p>G\u00fcvenlik birimleri 29 \u015eubat tarihinde yine S\u00fcveyda k\u0131rsal\u0131nda ABD ve \u0130srail yap\u0131m\u0131 b\u00fcy\u00fck miktarda anti tank kara may\u0131nlar\u0131 ve muhtelif t\u00fcr m\u00fchimmat y\u00fckl\u00fc iki ara\u00e7 yakalam\u0131\u015flard\u0131.<\/p>\n<p>https:\/\/www.youtube.com\/watch?v=cGgE_AGIFjo<\/p>\n<p>R.H.<\/p>\n","protected":false},"excerpt":{"rendered":"<p>S\u00dcVEYDA \u2013 G\u00fcvenlik birimleri bug\u00fcn S\u00fcveyda k\u0131rsal\u0131n\u0131n kuzey bat\u0131s\u0131nda Dera k\u0131rsal\u0131ndan S\u00fcveyda k\u0131rsal\u0131n\u0131n Do\u011fu Badiye B\u00f6lgesindeki ter\u00f6ristler istikametinde seyir eden cephane y\u00fckl\u00fc bir ara\u00e7 yakalad\u0131. S\u00fcveyda Valili\u011finde bir kaynak SANA\u2019ya a\u00e7\u0131klamas\u0131nda; soru\u015fturma ve takip ard\u0131ndan g\u00fcvenlik birimlerinin ger\u00e7ekle\u015ftirdikleri operasyonda tank ve B 9 tipi toplar i\u00e7in \u00e7ok say\u0131da mermi ta\u015f\u0131yan bir arac\u0131 yakalad\u0131klar\u0131n\u0131 ifade etti. &hellip;<\/p>\n","protected":false},"author":1,"featured_media":63451,"comment_status":"closed","ping_status":"closed","sticky":false,"template":"","format":"standard","meta":{"footnotes":""},"categories":[479,575,17988,478],"tags":[19287,19623,19622,3326,18674,19621,19620,2576],"class_list":["post-63408","post","type-post","status-publish","format-standard","has-post-thumbnail","","category-haberler-yerel","category-olaylar-ve-gercekler","category-son-haberler","category-yerel","tag-cephane-yuklu-arac","tag-cihatci","tag-muhimmat","tag-silah","tag-silahli-muhalifler","tag-tank-mermileri","tag-tank-ve-top-mermileri-yuklu-arac-yakalandi","tag-terorist"],"_links":{"self":[{"href":"https:\/\/archive.sana.sy\/tr\/index.php?rest_route=\/wp\/v2\/posts\/63408","targetHints":{"allow":["GET"]}}],"collection":[{"href":"https:\/\/archive.sana.sy\/tr\/index.php?rest_route=\/wp\/v2\/posts"}],"about":[{"href":"https:\/\/archive.sana.sy\/tr\/index.php?rest_route=\/wp\/v2\/types\/post"}],"author":[{"embeddable":true,"href":"https:\/\/archive.sana.sy\/tr\/index.php?rest_route=\/wp\/v2\/users\/1"}],"replies":[{"embeddable":true,"href":"https:\/\/archive.sana.sy\/tr\/index.php?rest_route=%2Fwp%2Fv2%2Fcomments&post=63408"}],"version-history":[{"count":0,"href":"https:\/\/archive.sana.sy\/tr\/index.php?rest_route=\/wp\/v2\/posts\/63408\/revisions"}],"wp:featuredmedia":[{"embeddable":true,"href":"https:\/\/archive.sana.sy\/tr\/index.php?rest_route=\/wp\/v2\/media\/63451"}],"wp:attachment":[{"href":"https:\/\/archive.sana.sy\/tr\/index.php?rest_route=%2Fwp%2Fv2%2Fmedia&parent=63408"}],"wp:term":[{"taxonomy":"category","embeddable":true,"href":"https:\/\/archive.sana.sy\/tr\/index.php?rest_route=%2Fwp%2Fv2%2Fcategories&post=63408"},{"taxonomy":"post_tag","embeddable":true,"href":"https:\/\/archive.sana.sy\/tr\/index.php?rest_route=%2Fwp%2Fv2%2Ftags&post=63408"}],"curies":[{"name":"wp","href":"https:\/\/api.w.org\/{rel}","templated":true}]}}