{"id":63413,"date":"2016-03-02T11:16:07","date_gmt":"2016-03-02T09:16:07","guid":{"rendered":"http:\/\/www.sana.sy\/tr\/?p=63413"},"modified":"2016-03-02T14:47:31","modified_gmt":"2016-03-02T12:47:31","slug":"ordu-ve-silahli-kuvvetler-genel-komutanligi-ordu-birliklerimizin-halep-kirsalinin-kuzeyinde-keffeyn-ve-meskan-beldelerinde-turkiye-ve-suudi-arabistan-rejimlerine-tabi-ceteleri-agir-kayiplara-ugratmala","status":"publish","type":"post","link":"https:\/\/archive.sana.sy\/tr\/?p=63413","title":{"rendered":"Ordu ve Silahl\u0131 Kuvvetler genel Komutanl\u0131\u011f\u0131 ordu birliklerimizin Halep k\u0131rsal\u0131n\u0131n kuzeyinde Keffeyn ve Meskan beldelerinde T\u00fcrkiye ve Suudi Arabistan rejimlerine tabi \u00e7eteleri a\u011f\u0131r kay\u0131plara u\u011fratmalar\u0131 ard\u0131ndan g\u00fcvenlik ve kontrol\u00fc sa\u011flad\u0131\u011f\u0131 iki belde ahalisini evlerine d\u00f6nmeye \u00e7a\u011f\u0131rd\u0131"},"content":{"rendered":"<p>Ordu ve Silahl\u0131 Kuvvetler genel Komutanl\u0131\u011f\u0131 ordu birliklerimizin Halep k\u0131rsal\u0131n\u0131n kuzeyinde Keffeyn ve Meskan beldelerinde T\u00fcrkiye ve Suudi Arabistan rejimlerine tabi \u00e7eteleri a\u011f\u0131r kay\u0131plara u\u011fratmalar\u0131 ard\u0131ndan g\u00fcvenlik ve kontrol\u00fc sa\u011flad\u0131\u011f\u0131 iki belde ahalisini evlerine d\u00f6nmeye \u00e7a\u011f\u0131rd\u0131<\/p>\n","protected":false},"excerpt":{"rendered":"<p>Ordu ve Silahl\u0131 Kuvvetler genel Komutanl\u0131\u011f\u0131 ordu birliklerimizin Halep k\u0131rsal\u0131n\u0131n kuzeyinde Keffeyn ve Meskan beldelerinde T\u00fcrkiye ve Suudi Arabistan rejimlerine tabi \u00e7eteleri a\u011f\u0131r kay\u0131plara u\u011fratmalar\u0131 ard\u0131ndan g\u00fcvenlik ve kontrol\u00fc sa\u011flad\u0131\u011f\u0131 iki belde ahalisini evlerine d\u00f6nmeye \u00e7a\u011f\u0131rd\u0131<\/p>\n","protected":false},"author":1,"featured_media":0,"comment_status":"closed","ping_status":"closed","sticky":false,"template":"","format":"standard","meta":{"footnotes":""},"categories":[17991],"tags":[],"class_list":["post-63413","post","type-post","status-publish","format-standard","","category-son-dakika"],"_links":{"self":[{"href":"https:\/\/archive.sana.sy\/tr\/index.php?rest_route=\/wp\/v2\/posts\/63413","targetHints":{"allow":["GET"]}}],"collection":[{"href":"https:\/\/archive.sana.sy\/tr\/index.php?rest_route=\/wp\/v2\/posts"}],"about":[{"href":"https:\/\/archive.sana.sy\/tr\/index.php?rest_route=\/wp\/v2\/types\/post"}],"author":[{"embeddable":true,"href":"https:\/\/archive.sana.sy\/tr\/index.php?rest_route=\/wp\/v2\/users\/1"}],"replies":[{"embeddable":true,"href":"https:\/\/archive.sana.sy\/tr\/index.php?rest_route=%2Fwp%2Fv2%2Fcomments&post=63413"}],"version-history":[{"count":0,"href":"https:\/\/archive.sana.sy\/tr\/index.php?rest_route=\/wp\/v2\/posts\/63413\/revisions"}],"wp:attachment":[{"href":"https:\/\/archive.sana.sy\/tr\/index.php?rest_route=%2Fwp%2Fv2%2Fmedia&parent=63413"}],"wp:term":[{"taxonomy":"category","embeddable":true,"href":"https:\/\/archive.sana.sy\/tr\/index.php?rest_route=%2Fwp%2Fv2%2Fcategories&post=63413"},{"taxonomy":"post_tag","embeddable":true,"href":"https:\/\/archive.sana.sy\/tr\/index.php?rest_route=%2Fwp%2Fv2%2Ftags&post=63413"}],"curies":[{"name":"wp","href":"https:\/\/api.w.org\/{rel}","templated":true}]}}