{"id":63415,"date":"2016-03-02T11:34:19","date_gmt":"2016-03-02T09:34:19","guid":{"rendered":"http:\/\/www.sana.sy\/tr\/?p=63415"},"modified":"2016-03-02T14:49:48","modified_gmt":"2016-03-02T12:49:48","slug":"sanaya-aciklama-yapan-askeri-kaynak-ordu-birliklerimizin-halep-kirsalinin-dogusunda-isid-tekfircilerini-sayi-ve-cephaneleriyle-agir-kayiplara-ugratmalari-ardindan-fah-beldesini-kontrollerine","status":"publish","type":"post","link":"https:\/\/archive.sana.sy\/tr\/?p=63415","title":{"rendered":"SANA\u2019ya a\u00e7\u0131klama yapan askeri kaynak ordu birliklerimizin Halep k\u0131rsal\u0131n\u0131n do\u011fusunda I\u015e\u0130D tekfircilerini say\u0131 ve cephaneleriyle a\u011f\u0131r kay\u0131plara u\u011fratmalar\u0131 ard\u0131ndan Fah Beldesini kontrollerine ge\u00e7irip g\u00fcvenli\u011fi sa\u011flad\u0131klar\u0131n\u0131 belirtti"},"content":{"rendered":"<p>SANA\u2019ya a\u00e7\u0131klama yapan askeri kaynak ordu birliklerimizin Halep k\u0131rsal\u0131n\u0131n do\u011fusunda I\u015e\u0130D tekfircilerini say\u0131 ve cephaneleriyle a\u011f\u0131r kay\u0131plara u\u011fratmalar\u0131 ard\u0131ndan Fah Beldesini kontrollerine ge\u00e7irip g\u00fcvenli\u011fi sa\u011flad\u0131klar\u0131n\u0131 belirtti<\/p>\n","protected":false},"excerpt":{"rendered":"<p>SANA\u2019ya a\u00e7\u0131klama yapan askeri kaynak ordu birliklerimizin Halep k\u0131rsal\u0131n\u0131n do\u011fusunda I\u015e\u0130D tekfircilerini say\u0131 ve cephaneleriyle a\u011f\u0131r kay\u0131plara u\u011fratmalar\u0131 ard\u0131ndan Fah Beldesini kontrollerine ge\u00e7irip g\u00fcvenli\u011fi sa\u011flad\u0131klar\u0131n\u0131 belirtti<\/p>\n","protected":false},"author":1,"featured_media":0,"comment_status":"closed","ping_status":"closed","sticky":false,"template":"","format":"standard","meta":{"footnotes":""},"categories":[17991],"tags":[],"class_list":["post-63415","post","type-post","status-publish","format-standard","","category-son-dakika"],"_links":{"self":[{"href":"https:\/\/archive.sana.sy\/tr\/index.php?rest_route=\/wp\/v2\/posts\/63415","targetHints":{"allow":["GET"]}}],"collection":[{"href":"https:\/\/archive.sana.sy\/tr\/index.php?rest_route=\/wp\/v2\/posts"}],"about":[{"href":"https:\/\/archive.sana.sy\/tr\/index.php?rest_route=\/wp\/v2\/types\/post"}],"author":[{"embeddable":true,"href":"https:\/\/archive.sana.sy\/tr\/index.php?rest_route=\/wp\/v2\/users\/1"}],"replies":[{"embeddable":true,"href":"https:\/\/archive.sana.sy\/tr\/index.php?rest_route=%2Fwp%2Fv2%2Fcomments&post=63415"}],"version-history":[{"count":0,"href":"https:\/\/archive.sana.sy\/tr\/index.php?rest_route=\/wp\/v2\/posts\/63415\/revisions"}],"wp:attachment":[{"href":"https:\/\/archive.sana.sy\/tr\/index.php?rest_route=%2Fwp%2Fv2%2Fmedia&parent=63415"}],"wp:term":[{"taxonomy":"category","embeddable":true,"href":"https:\/\/archive.sana.sy\/tr\/index.php?rest_route=%2Fwp%2Fv2%2Fcategories&post=63415"},{"taxonomy":"post_tag","embeddable":true,"href":"https:\/\/archive.sana.sy\/tr\/index.php?rest_route=%2Fwp%2Fv2%2Ftags&post=63415"}],"curies":[{"name":"wp","href":"https:\/\/api.w.org\/{rel}","templated":true}]}}