{"id":63417,"date":"2016-03-02T11:46:35","date_gmt":"2016-03-02T09:46:35","guid":{"rendered":"http:\/\/www.sana.sy\/tr\/?p=63417"},"modified":"2016-03-02T14:52:44","modified_gmt":"2016-03-02T12:52:44","slug":"ordu-birliklerimiz-suveyda-kirsalinin-kuzeydogu-kirsalinda-isid-tekfircilerine-ait-4-araci-tasidiklari-teroristler-ve-cephaneyle-birlikte-tamamen-imha-etti","status":"publish","type":"post","link":"https:\/\/archive.sana.sy\/tr\/?p=63417","title":{"rendered":"Ordu birliklerimiz S\u00fcveyda k\u0131rsal\u0131n\u0131n kuzeydo\u011fu k\u0131rsal\u0131nda I\u015e\u0130D tekfircilerine ait 4 arac\u0131 ta\u015f\u0131d\u0131klar\u0131 ter\u00f6ristler ve cephaneyle birlikte tamamen imha etti"},"content":{"rendered":"<p>Ordu birliklerimiz S\u00fcveyda k\u0131rsal\u0131n\u0131n kuzeydo\u011fu k\u0131rsal\u0131nda I\u015e\u0130D tekfircilerine ait 4 arac\u0131 ta\u015f\u0131d\u0131klar\u0131 ter\u00f6ristler ve cephaneyle birlikte tamamen imha etti<\/p>\n","protected":false},"excerpt":{"rendered":"<p>Ordu birliklerimiz S\u00fcveyda k\u0131rsal\u0131n\u0131n kuzeydo\u011fu k\u0131rsal\u0131nda I\u015e\u0130D tekfircilerine ait 4 arac\u0131 ta\u015f\u0131d\u0131klar\u0131 ter\u00f6ristler ve cephaneyle birlikte tamamen imha etti<\/p>\n","protected":false},"author":1,"featured_media":0,"comment_status":"closed","ping_status":"closed","sticky":false,"template":"","format":"standard","meta":{"footnotes":""},"categories":[17991],"tags":[],"class_list":["post-63417","post","type-post","status-publish","format-standard","","category-son-dakika"],"_links":{"self":[{"href":"https:\/\/archive.sana.sy\/tr\/index.php?rest_route=\/wp\/v2\/posts\/63417","targetHints":{"allow":["GET"]}}],"collection":[{"href":"https:\/\/archive.sana.sy\/tr\/index.php?rest_route=\/wp\/v2\/posts"}],"about":[{"href":"https:\/\/archive.sana.sy\/tr\/index.php?rest_route=\/wp\/v2\/types\/post"}],"author":[{"embeddable":true,"href":"https:\/\/archive.sana.sy\/tr\/index.php?rest_route=\/wp\/v2\/users\/1"}],"replies":[{"embeddable":true,"href":"https:\/\/archive.sana.sy\/tr\/index.php?rest_route=%2Fwp%2Fv2%2Fcomments&post=63417"}],"version-history":[{"count":0,"href":"https:\/\/archive.sana.sy\/tr\/index.php?rest_route=\/wp\/v2\/posts\/63417\/revisions"}],"wp:attachment":[{"href":"https:\/\/archive.sana.sy\/tr\/index.php?rest_route=%2Fwp%2Fv2%2Fmedia&parent=63417"}],"wp:term":[{"taxonomy":"category","embeddable":true,"href":"https:\/\/archive.sana.sy\/tr\/index.php?rest_route=%2Fwp%2Fv2%2Fcategories&post=63417"},{"taxonomy":"post_tag","embeddable":true,"href":"https:\/\/archive.sana.sy\/tr\/index.php?rest_route=%2Fwp%2Fv2%2Ftags&post=63417"}],"curies":[{"name":"wp","href":"https:\/\/api.w.org\/{rel}","templated":true}]}}