{"id":63421,"date":"2016-03-02T10:45:55","date_gmt":"2016-03-02T08:45:55","guid":{"rendered":"http:\/\/www.sana.sy\/tr\/?p=63421"},"modified":"2016-03-02T14:59:35","modified_gmt":"2016-03-02T12:59:35","slug":"bir-yuzbasi-ve-7-silahli-kisi-oldu","status":"publish","type":"post","link":"https:\/\/archive.sana.sy\/tr\/?p=63421","title":{"rendered":"Bir Y\u00fczba\u015f\u0131 ve 7 Silahl\u0131 ki\u015fi \u00d6ld\u00fc"},"content":{"rendered":"<p>AMMAN \u2013 \u00dcrd\u00fcnl\u00fc bir g\u00fcvenlik kayna\u011f\u0131 d\u00fcn Erbid Kentinde meydana gelen silahl\u0131 \u00e7at\u0131\u015fmada bir y\u00fczba\u015f\u0131n\u0131n yan\u0131 s\u0131ra 7 silahl\u0131n\u0131n \u00f6ld\u00fc\u011f\u00fcn\u00fc a\u00e7\u0131klarken, 4 asker ve olay yerinde bulunan 2 sivilin yaraland\u0131\u011f\u0131n\u0131 s\u00f6yledi.<\/p>\n<p>\u00dcrd\u00fcnl\u00fc kaynak \u00e7at\u0131\u015fmalar\u0131n, g\u00fcvenlik birimlerinin bir evde siperlenen bir kanun ka\u00e7a\u011f\u0131n\u0131 tutuklamaya \u00e7al\u0131\u015fmalar\u0131 s\u0131ras\u0131nda meydana geldi\u011fini ifade etti.<\/p>\n<p>Bu arada \u00dcrd\u00fcn Ba\u015fbakan\u0131 Abdullah el Nessur parlamentoda yapt\u0131\u011f\u0131 konu\u015fmada operasyonun \u00dcrd\u00fcn g\u00fcvenlik g\u00fc\u00e7lerine sald\u0131r\u0131 planlar\u0131 haz\u0131rlayan ter\u00f6r \u00f6rg\u00fctlere tabi 7 silahl\u0131n\u0131n \u00f6ld\u00fcr\u00fclmesiyle g\u00fczel bir ba\u015far\u0131 kaydetti\u011fini s\u00f6yledi.<\/p>\n","protected":false},"excerpt":{"rendered":"<p>AMMAN \u2013 \u00dcrd\u00fcnl\u00fc bir g\u00fcvenlik kayna\u011f\u0131 d\u00fcn Erbid Kentinde meydana gelen silahl\u0131 \u00e7at\u0131\u015fmada bir y\u00fczba\u015f\u0131n\u0131n yan\u0131 s\u0131ra 7 silahl\u0131n\u0131n \u00f6ld\u00fc\u011f\u00fcn\u00fc a\u00e7\u0131klarken, 4 asker ve olay yerinde bulunan 2 sivilin yaraland\u0131\u011f\u0131n\u0131 s\u00f6yledi. \u00dcrd\u00fcnl\u00fc kaynak \u00e7at\u0131\u015fmalar\u0131n, g\u00fcvenlik birimlerinin bir evde siperlenen bir kanun ka\u00e7a\u011f\u0131n\u0131 tutuklamaya \u00e7al\u0131\u015fmalar\u0131 s\u0131ras\u0131nda meydana geldi\u011fini ifade etti. Bu arada \u00dcrd\u00fcn Ba\u015fbakan\u0131 Abdullah el &hellip;<\/p>\n","protected":false},"author":1,"featured_media":63422,"comment_status":"closed","ping_status":"closed","sticky":false,"template":"","format":"standard","meta":{"footnotes":""},"categories":[458,459,17988],"tags":[19624,19625],"class_list":["post-63421","post","type-post","status-publish","format-standard","has-post-thumbnail","","category-dunya1","category-haberler-arap-uluslararasi-politika","category-son-haberler","tag-bir-yuzbasi-ve-7-silahli-kisi-oldu","tag-urdunde-silahli-catisma"],"_links":{"self":[{"href":"https:\/\/archive.sana.sy\/tr\/index.php?rest_route=\/wp\/v2\/posts\/63421","targetHints":{"allow":["GET"]}}],"collection":[{"href":"https:\/\/archive.sana.sy\/tr\/index.php?rest_route=\/wp\/v2\/posts"}],"about":[{"href":"https:\/\/archive.sana.sy\/tr\/index.php?rest_route=\/wp\/v2\/types\/post"}],"author":[{"embeddable":true,"href":"https:\/\/archive.sana.sy\/tr\/index.php?rest_route=\/wp\/v2\/users\/1"}],"replies":[{"embeddable":true,"href":"https:\/\/archive.sana.sy\/tr\/index.php?rest_route=%2Fwp%2Fv2%2Fcomments&post=63421"}],"version-history":[{"count":0,"href":"https:\/\/archive.sana.sy\/tr\/index.php?rest_route=\/wp\/v2\/posts\/63421\/revisions"}],"wp:featuredmedia":[{"embeddable":true,"href":"https:\/\/archive.sana.sy\/tr\/index.php?rest_route=\/wp\/v2\/media\/63422"}],"wp:attachment":[{"href":"https:\/\/archive.sana.sy\/tr\/index.php?rest_route=%2Fwp%2Fv2%2Fmedia&parent=63421"}],"wp:term":[{"taxonomy":"category","embeddable":true,"href":"https:\/\/archive.sana.sy\/tr\/index.php?rest_route=%2Fwp%2Fv2%2Fcategories&post=63421"},{"taxonomy":"post_tag","embeddable":true,"href":"https:\/\/archive.sana.sy\/tr\/index.php?rest_route=%2Fwp%2Fv2%2Ftags&post=63421"}],"curies":[{"name":"wp","href":"https:\/\/api.w.org\/{rel}","templated":true}]}}