{"id":63426,"date":"2016-03-02T14:00:22","date_gmt":"2016-03-02T12:00:22","guid":{"rendered":"http:\/\/www.sana.sy\/tr\/?p=63426"},"modified":"2016-03-02T20:03:08","modified_gmt":"2016-03-02T18:03:08","slug":"yermuk-ahalisine-insani-yardim-devam-ediyor","status":"publish","type":"post","link":"https:\/\/archive.sana.sy\/tr\/?p=63426","title":{"rendered":"Yerm\u00fck Ahalisine \u0130nsani Yard\u0131m Devam Ediyor"},"content":{"rendered":"<p>\u015eAM KIRSALI \u2013 Suriye h\u00fck\u00fcmetinin deste\u011fi ve \u0130nsani Yard\u0131m Y\u00fcksek Komisyonunun denetimiyle Filistinli M\u00fclteciler Genel Kurumu ve BM Filistinlilere Yard\u0131m ve \u00c7al\u0131\u015ft\u0131rma Kurumu UNRWA, Filistinli m\u00fcltecilerin yo\u011fun olarak ya\u015fad\u0131klar\u0131 \u015eam\u2019\u0131n g\u00fcneyi Yerm\u00fck Yerle\u015fim Kamp\u0131nda ter\u00f6ristlerin vah\u015fetinden ka\u00e7arak Yelda, Babbila ve Beyt Sahm beldelerinde bulunan ter\u00f6r ma\u011fdurlar\u0131na insani yard\u0131m da\u011f\u0131tma \u00e7al\u0131\u015fmalar\u0131n\u0131 s\u00fcrd\u00fcrd\u00fc.<\/p>\n<p>Filistinli M\u00fclteciler Genel Kurumu Genel M\u00fcd\u00fcr\u00fc Ali Mustafa SANA\u2019ya a\u00e7\u0131klamas\u0131nda; \u015eam ve \u015eam \u00c7evre kent valilikleri ile koordinasyon ve i\u015fbirli\u011fi i\u00e7inde yap\u0131lan yard\u0131m \u00e7al\u0131\u015fmalar\u0131nda bug\u00fcn ter\u00f6r ma\u011fduru ailelere g\u0131da maddeleri i\u00e7eren 3600 paket da\u011f\u0131t\u0131ld\u0131\u011f\u0131n\u0131 s\u00f6yledi.<\/p>\n<p>Ter\u00f6r ma\u011fdurlar\u0131n\u0131n muhtelif t\u00fcr ihtiya\u00e7lar\u0131n\u0131n s\u00fcrekli bir \u015fekilde denetlendi\u011fini ifade eden Mustafa, gerekli yard\u0131m maddelerinin temin edilip kar\u015f\u0131lanmaya \u00e7al\u0131\u015f\u0131ld\u0131\u011f\u0131n\u0131 s\u00f6yledi.<\/p>\n","protected":false},"excerpt":{"rendered":"<p>\u015eAM KIRSALI \u2013 Suriye h\u00fck\u00fcmetinin deste\u011fi ve \u0130nsani Yard\u0131m Y\u00fcksek Komisyonunun denetimiyle Filistinli M\u00fclteciler Genel Kurumu ve BM Filistinlilere Yard\u0131m ve \u00c7al\u0131\u015ft\u0131rma Kurumu UNRWA, Filistinli m\u00fcltecilerin yo\u011fun olarak ya\u015fad\u0131klar\u0131 \u015eam\u2019\u0131n g\u00fcneyi Yerm\u00fck Yerle\u015fim Kamp\u0131nda ter\u00f6ristlerin vah\u015fetinden ka\u00e7arak Yelda, Babbila ve Beyt Sahm beldelerinde bulunan ter\u00f6r ma\u011fdurlar\u0131na insani yard\u0131m da\u011f\u0131tma \u00e7al\u0131\u015fmalar\u0131n\u0131 s\u00fcrd\u00fcrd\u00fc. Filistinli M\u00fclteciler Genel Kurumu &hellip;<\/p>\n","protected":false},"author":1,"featured_media":63436,"comment_status":"closed","ping_status":"closed","sticky":false,"template":"","format":"standard","meta":{"footnotes":""},"categories":[479,17988,478],"tags":[],"class_list":["post-63426","post","type-post","status-publish","format-standard","has-post-thumbnail","","category-haberler-yerel","category-son-haberler","category-yerel"],"_links":{"self":[{"href":"https:\/\/archive.sana.sy\/tr\/index.php?rest_route=\/wp\/v2\/posts\/63426","targetHints":{"allow":["GET"]}}],"collection":[{"href":"https:\/\/archive.sana.sy\/tr\/index.php?rest_route=\/wp\/v2\/posts"}],"about":[{"href":"https:\/\/archive.sana.sy\/tr\/index.php?rest_route=\/wp\/v2\/types\/post"}],"author":[{"embeddable":true,"href":"https:\/\/archive.sana.sy\/tr\/index.php?rest_route=\/wp\/v2\/users\/1"}],"replies":[{"embeddable":true,"href":"https:\/\/archive.sana.sy\/tr\/index.php?rest_route=%2Fwp%2Fv2%2Fcomments&post=63426"}],"version-history":[{"count":0,"href":"https:\/\/archive.sana.sy\/tr\/index.php?rest_route=\/wp\/v2\/posts\/63426\/revisions"}],"wp:featuredmedia":[{"embeddable":true,"href":"https:\/\/archive.sana.sy\/tr\/index.php?rest_route=\/wp\/v2\/media\/63436"}],"wp:attachment":[{"href":"https:\/\/archive.sana.sy\/tr\/index.php?rest_route=%2Fwp%2Fv2%2Fmedia&parent=63426"}],"wp:term":[{"taxonomy":"category","embeddable":true,"href":"https:\/\/archive.sana.sy\/tr\/index.php?rest_route=%2Fwp%2Fv2%2Fcategories&post=63426"},{"taxonomy":"post_tag","embeddable":true,"href":"https:\/\/archive.sana.sy\/tr\/index.php?rest_route=%2Fwp%2Fv2%2Ftags&post=63426"}],"curies":[{"name":"wp","href":"https:\/\/api.w.org\/{rel}","templated":true}]}}