{"id":63446,"date":"2016-03-02T14:43:20","date_gmt":"2016-03-02T12:43:20","guid":{"rendered":"http:\/\/www.sana.sy\/tr\/?p=63446"},"modified":"2016-03-03T16:07:05","modified_gmt":"2016-03-03T14:07:05","slug":"anlasma-ve-siyasi-uzlasmalari-sabote-etmeye-calisiyorlar","status":"publish","type":"post","link":"https:\/\/archive.sana.sy\/tr\/?p=63446","title":{"rendered":"Anla\u015fma ve Siyasi Uzla\u015fmalar\u0131 Sabote Etmeye \u00c7al\u0131\u015f\u0131yorlar(video)"},"content":{"rendered":"<p>\u015eAM \u2013 Ulusal Uzla\u015fma \u0130\u015flerinden Sorumlu Devlet Bakan\u0131 Ali Haydar; Suriye&#8217;nin tan\u0131k oldu\u011fu son geli\u015fmeler ve Suriye ordusunun ter\u00f6re kar\u015f\u0131 ba\u015far\u0131lar\u0131n\u0131n yurt genelinde ulusal uzla\u015fma s\u00fcrecinin h\u0131zlanmas\u0131na ve geni\u015f b\u00f6lgelerde ba\u015far\u0131 sa\u011flamas\u0131na yol a\u00e7t\u0131\u011f\u0131n\u0131 belirtti.<\/p>\n<p><a href=\"http:\/\/www.sana.sy\/tr\/wp-content\/uploads\/2016\/03\/Ali-haydar-1.jpg\"><img loading=\"lazy\" decoding=\"async\" class=\"alignright wp-image-63449 size-medium\" src=\"http:\/\/www.sana.sy\/tr\/wp-content\/uploads\/2016\/03\/Ali-haydar-1-300x200.jpg\" alt=\"Ali haydar 1\" width=\"300\" height=\"200\" srcset=\"https:\/\/archive.sana.sy\/tr\/wp-content\/uploads\/2016\/03\/Ali-haydar-1-300x200.jpg 300w, https:\/\/archive.sana.sy\/tr\/wp-content\/uploads\/2016\/03\/Ali-haydar-1-150x100.jpg 150w, https:\/\/archive.sana.sy\/tr\/wp-content\/uploads\/2016\/03\/Ali-haydar-1-768x511.jpg 768w, https:\/\/archive.sana.sy\/tr\/wp-content\/uploads\/2016\/03\/Ali-haydar-1-1024x681.jpg 1024w\" sizes=\"auto, (max-width: 300px) 100vw, 300px\" \/><\/a>G\u00fcney Afrika\u2019n\u0131n \u015eam B\u00fcy\u00fckel\u00e7isi Sean Benfeldt ile ulusal uzla\u015fma \u00e7abalar\u0131ndaki son durumlar\u0131 masaya yat\u0131ran Haydar; G\u00fcney Afrika\u2019n\u0131n BRICS Devletleri Grubu ile Suriye&#8217;de herhangi bir d\u0131\u015f m\u00fcdahalenin olmadan siyasi \u00e7\u00f6z\u00fcm sa\u011flanmas\u0131 y\u00f6n\u00fcnde verdi\u011fi deste\u011fin takdire \u015fayan oldu\u011funu ifade etti.<\/p>\n<p>Bakan Haydar \u00f6zellikle T\u00fcrkiye ve Suudi Arabistan rejimleri ba\u015fta olmak \u00fczere bir k\u0131s\u0131m devletlerin Suriye&#8217;de \u00e7at\u0131\u015fmalar\u0131 durdurma anla\u015fmas\u0131 ve siyasi \u00e7\u00f6z\u00fcm\u00fc sabote etmek i\u00e7in her gayreti g\u00f6sterdiklerini ve d\u00fc\u015fmanc\u0131 sald\u0131r\u0131larda bulunduklar\u0131n\u0131 vurgulad\u0131. Bu devletlerin uzun s\u00fcren yo\u011fun \u00e7abalarla sa\u011flad\u0131\u011f\u0131 ba\u015far\u0131lar\u0131 baltalamaya da \u00e7al\u0131\u015ft\u0131klar\u0131n\u0131 ifade eden Bakan Haydar; uzla\u015fmalar\u0131n sa\u011flanmas\u0131 i\u00e7in ortam haz\u0131rlama y\u00f6n\u00fcnde y\u00fcr\u00fct\u00fclen \u00e7al\u0131\u015fmalara i\u015faret etti.<\/p>\n<p>G\u00fcney Afrika B\u00fcy\u00fckel\u00e7isi ise g\u00f6r\u00fc\u015fmede; Suriye&#8217;deki ulusal uzla\u015fma \u00e7abalar\u0131n\u0131n kayda de\u011fer ilerlemeler sa\u011flad\u0131\u011f\u0131n\u0131 ve \u00f6nemli bir deneyim te\u015fkil etti\u011fini belirtirken, bu \u00e7abalar\u0131n ba\u015far\u0131s\u0131 i\u00e7in \u00fclkesinin gerekli deste\u011fi takdim etmeye haz\u0131r oldu\u011funu s\u00f6yledi.<\/p>\n<p>https:\/\/www.youtube.com\/watch?v=6WBW8a4YAe0<\/p>\n<p>R.H.<\/p>\n","protected":false},"excerpt":{"rendered":"<p>\u015eAM \u2013 Ulusal Uzla\u015fma \u0130\u015flerinden Sorumlu Devlet Bakan\u0131 Ali Haydar; Suriye&#8217;nin tan\u0131k oldu\u011fu son geli\u015fmeler ve Suriye ordusunun ter\u00f6re kar\u015f\u0131 ba\u015far\u0131lar\u0131n\u0131n yurt genelinde ulusal uzla\u015fma s\u00fcrecinin h\u0131zlanmas\u0131na ve geni\u015f b\u00f6lgelerde ba\u015far\u0131 sa\u011flamas\u0131na yol a\u00e7t\u0131\u011f\u0131n\u0131 belirtti. G\u00fcney Afrika\u2019n\u0131n \u015eam B\u00fcy\u00fckel\u00e7isi Sean Benfeldt ile ulusal uzla\u015fma \u00e7abalar\u0131ndaki son durumlar\u0131 masaya yat\u0131ran Haydar; G\u00fcney Afrika\u2019n\u0131n BRICS Devletleri Grubu &hellip;<\/p>\n","protected":false},"author":1,"featured_media":63448,"comment_status":"closed","ping_status":"closed","sticky":false,"template":"","format":"standard","meta":{"footnotes":""},"categories":[479,17988,478],"tags":[],"class_list":["post-63446","post","type-post","status-publish","format-standard","has-post-thumbnail","","category-haberler-yerel","category-son-haberler","category-yerel"],"_links":{"self":[{"href":"https:\/\/archive.sana.sy\/tr\/index.php?rest_route=\/wp\/v2\/posts\/63446","targetHints":{"allow":["GET"]}}],"collection":[{"href":"https:\/\/archive.sana.sy\/tr\/index.php?rest_route=\/wp\/v2\/posts"}],"about":[{"href":"https:\/\/archive.sana.sy\/tr\/index.php?rest_route=\/wp\/v2\/types\/post"}],"author":[{"embeddable":true,"href":"https:\/\/archive.sana.sy\/tr\/index.php?rest_route=\/wp\/v2\/users\/1"}],"replies":[{"embeddable":true,"href":"https:\/\/archive.sana.sy\/tr\/index.php?rest_route=%2Fwp%2Fv2%2Fcomments&post=63446"}],"version-history":[{"count":0,"href":"https:\/\/archive.sana.sy\/tr\/index.php?rest_route=\/wp\/v2\/posts\/63446\/revisions"}],"wp:featuredmedia":[{"embeddable":true,"href":"https:\/\/archive.sana.sy\/tr\/index.php?rest_route=\/wp\/v2\/media\/63448"}],"wp:attachment":[{"href":"https:\/\/archive.sana.sy\/tr\/index.php?rest_route=%2Fwp%2Fv2%2Fmedia&parent=63446"}],"wp:term":[{"taxonomy":"category","embeddable":true,"href":"https:\/\/archive.sana.sy\/tr\/index.php?rest_route=%2Fwp%2Fv2%2Fcategories&post=63446"},{"taxonomy":"post_tag","embeddable":true,"href":"https:\/\/archive.sana.sy\/tr\/index.php?rest_route=%2Fwp%2Fv2%2Ftags&post=63446"}],"curies":[{"name":"wp","href":"https:\/\/api.w.org\/{rel}","templated":true}]}}