{"id":63465,"date":"2016-03-02T19:56:57","date_gmt":"2016-03-02T17:56:57","guid":{"rendered":"http:\/\/www.sana.sy\/tr\/?p=63465"},"modified":"2016-03-03T16:30:41","modified_gmt":"2016-03-03T14:30:41","slug":"hava-guclerimizin-desteginde-operasyonlar-hizla-suruyor","status":"publish","type":"post","link":"https:\/\/archive.sana.sy\/tr\/?p=63465","title":{"rendered":"Hava G\u00fc\u00e7lerimizin Deste\u011finde Operasyonlar H\u0131zla S\u00fcr\u00fcyor"},"content":{"rendered":"<p>\u0130LLER \u2013 Ordu birliklerimiz hava g\u00fc\u00e7lerimizin deste\u011finde muhtelif b\u00f6lgelerde silahl\u0131 ter\u00f6r \u00f6rg\u00fctlere kar\u015f\u0131 operasyonlar\u0131n\u0131 amans\u0131z bir \u015fekilde s\u00fcrd\u00fcr\u00fcyor.<\/p>\n<p><span style=\"color: #0000ff\">HALEP:<\/span><\/p>\n<p>SANA\u2019ya a\u00e7\u0131klama yapan askeri bir kaynak; hava g\u00fc\u00e7lerimizin Halep Kentinin yakla\u015f\u0131k 38 km kuzeydo\u011fusunda T\u00fcrkiye s\u0131n\u0131rlar\u0131na yak\u0131n d\u00fc\u015fen Bab Kentinde ihvanc\u0131 Erdo\u011fan rejiminin destekledi\u011fi I\u015e\u0130D \u00f6rg\u00fct\u00fcne tabi komuta karargahlar\u0131 ve mevkileri yo\u011fun ate\u015fe tuttuklar\u0131n\u0131 belirtti. Kaynak operasyonlarda \u00e7ok say\u0131da ter\u00f6ristin \u00f6l\u00fc ve yaral\u0131 d\u00fc\u015f\u00fcr\u00fcl\u00fcp bir k\u0131sm\u0131 a\u011f\u0131r makineli silahlarla donat\u0131lm\u0131\u015f ara\u00e7lar\u0131n\u0131n da imha edildi\u011fini aktard\u0131.<\/p>\n<p>G\u00fcn\u00fcn ilerleyen saatlerinde a\u00e7\u0131klama yapan kaynak; ordu birliklerimizin Halep k\u0131rsal\u0131n\u0131n do\u011fusunda I\u015e\u0130D tekfircilerini say\u0131 ve cephaneleriyle a\u011f\u0131r kay\u0131plara u\u011fratmalar\u0131 ard\u0131ndan Fah Beldesini kontrollerine ge\u00e7irip g\u00fcvenli\u011fi sa\u011flad\u0131klar\u0131n\u0131 belirtti.<\/p>\n<p>Kaynak; ordu birliklerimize tabi bomba imha ekiplerinin arama tarama operasyonlar\u0131nda beldede \u00f6zel ve kamu m\u00fclklere yerle\u015ftirilen may\u0131n ve bubi tuzaklar\u0131n\u0131 etkisiz hale getirdiklerini s\u00f6zlerine ekledi.<\/p>\n<p><span style=\"color: #0000ff\">HOMS:<\/span><\/p>\n<p>Homs Kentinin yakla\u015f\u0131k 85 km g\u00fcneydo\u011fusuna d\u00fc\u015fen Karyeteyn Kentinde de hava g\u00fc\u00e7lerimizin I\u015e\u0130D\u2019in toplanma yerleri ve mevkilerine y\u00f6nelik hava operasyonlar\u0131 ger\u00e7ekle\u015ftirdiklerini ifade eden askeri kaynak; Tedmur Kentinde tekfircileri say\u0131 ve te\u00e7hizatlar\u0131yla a\u011f\u0131r kay\u0131plara u\u011fratt\u0131klar\u0131n\u0131 aktard\u0131.<\/p>\n<p>Kaynak; hava g\u00fc\u00e7lerimizin Homs k\u0131rsal\u0131n\u0131n do\u011fusu Um Sahric, G\u00fcney \u015eendahiye, Kuzey \u015eendahiye, G\u00fcney M\u015feyrfe ve Unk el Hava k\u00f6ylerinin yan\u0131 s\u0131ra Cub el Cerrah Beldesinde I\u015e\u0130D\u2019in yuva ve hareket eksenlerini hedef ald\u0131klar\u0131n\u0131 a\u00e7\u0131klad\u0131. Kaynak; operasyonlarda buralarda da \u00e7ok say\u0131da ter\u00f6ristin \u00f6ld\u00fcr\u00fcl\u00fcp a\u011f\u0131r silahla donat\u0131lm\u0131\u015f ara\u00e7lar\u0131na ilaveten silah ve m\u00fchimmatlar\u0131n\u0131n da yok edildi\u011fine dikkat \u00e7ekti.<\/p>\n<p>Ak\u015fam saatlerinde a\u00e7\u0131klama yapan bir kaynak; ordu birliklerimizin Homs k\u0131rsal\u0131 Vadi el Zekara B\u00f6lgesi ve Tedmur Kentinin \u00e7evresinde I\u015e\u0130D ter\u00f6r \u00f6rg\u00fct\u00fcne ait bir z\u0131rhl\u0131 arac\u0131n yan\u0131 s\u0131ra iki arac\u0131 ta\u015f\u0131d\u0131klar\u0131 ter\u00f6rist ve cephaneyle birlikte imha ettiklerini s\u00f6yledi.<\/p>\n<p><span style=\"color: #0000ff\">S\u00dcVEYDA:<\/span><\/p>\n<p>\u00d6te yandan ordu birliklerimiz S\u00fcveyda Kentinin yakla\u015f\u0131k 50 km kuzeyine d\u00fc\u015fen Dalfae Tepesi ve civarlar\u0131nda siperlenen I\u015e\u0130D\u2019li \u00e7etelere kar\u015f\u0131 nitelikli operasyonlar\u0131nda ter\u00f6rist ve cephane ta\u015f\u0131yan a\u011f\u0131r makineli silahla donat\u0131lm\u0131\u015f 3 arac\u0131 tamamen imha etti.<\/p>\n<p>S\u00fcveyda k\u0131rsal\u0131n\u0131n kuzeydo\u011fusu E\u015fheyip Tepesinde de I\u015e\u0130D\u2019in hareket eksenleri ve mevkilerini hedef alan ordu birliklerimiz; siperlenmede kulland\u0131klar\u0131 bir dozer ve ekibini tamamen imha etti.<\/p>\n","protected":false},"excerpt":{"rendered":"<p>\u0130LLER \u2013 Ordu birliklerimiz hava g\u00fc\u00e7lerimizin deste\u011finde muhtelif b\u00f6lgelerde silahl\u0131 ter\u00f6r \u00f6rg\u00fctlere kar\u015f\u0131 operasyonlar\u0131n\u0131 amans\u0131z bir \u015fekilde s\u00fcrd\u00fcr\u00fcyor. HALEP: SANA\u2019ya a\u00e7\u0131klama yapan askeri bir kaynak; hava g\u00fc\u00e7lerimizin Halep Kentinin yakla\u015f\u0131k 38 km kuzeydo\u011fusunda T\u00fcrkiye s\u0131n\u0131rlar\u0131na yak\u0131n d\u00fc\u015fen Bab Kentinde ihvanc\u0131 Erdo\u011fan rejiminin destekledi\u011fi I\u015e\u0130D \u00f6rg\u00fct\u00fcne tabi komuta karargahlar\u0131 ve mevkileri yo\u011fun ate\u015fe tuttuklar\u0131n\u0131 belirtti. Kaynak &hellip;<\/p>\n","protected":false},"author":1,"featured_media":63466,"comment_status":"closed","ping_status":"closed","sticky":false,"template":"","format":"standard","meta":{"footnotes":""},"categories":[575],"tags":[],"class_list":["post-63465","post","type-post","status-publish","format-standard","has-post-thumbnail","","category-olaylar-ve-gercekler"],"_links":{"self":[{"href":"https:\/\/archive.sana.sy\/tr\/index.php?rest_route=\/wp\/v2\/posts\/63465","targetHints":{"allow":["GET"]}}],"collection":[{"href":"https:\/\/archive.sana.sy\/tr\/index.php?rest_route=\/wp\/v2\/posts"}],"about":[{"href":"https:\/\/archive.sana.sy\/tr\/index.php?rest_route=\/wp\/v2\/types\/post"}],"author":[{"embeddable":true,"href":"https:\/\/archive.sana.sy\/tr\/index.php?rest_route=\/wp\/v2\/users\/1"}],"replies":[{"embeddable":true,"href":"https:\/\/archive.sana.sy\/tr\/index.php?rest_route=%2Fwp%2Fv2%2Fcomments&post=63465"}],"version-history":[{"count":0,"href":"https:\/\/archive.sana.sy\/tr\/index.php?rest_route=\/wp\/v2\/posts\/63465\/revisions"}],"wp:featuredmedia":[{"embeddable":true,"href":"https:\/\/archive.sana.sy\/tr\/index.php?rest_route=\/wp\/v2\/media\/63466"}],"wp:attachment":[{"href":"https:\/\/archive.sana.sy\/tr\/index.php?rest_route=%2Fwp%2Fv2%2Fmedia&parent=63465"}],"wp:term":[{"taxonomy":"category","embeddable":true,"href":"https:\/\/archive.sana.sy\/tr\/index.php?rest_route=%2Fwp%2Fv2%2Fcategories&post=63465"},{"taxonomy":"post_tag","embeddable":true,"href":"https:\/\/archive.sana.sy\/tr\/index.php?rest_route=%2Fwp%2Fv2%2Ftags&post=63465"}],"curies":[{"name":"wp","href":"https:\/\/api.w.org\/{rel}","templated":true}]}}