{"id":63479,"date":"2016-03-02T19:08:53","date_gmt":"2016-03-02T17:08:53","guid":{"rendered":"http:\/\/www.sana.sy\/tr\/?p=63479"},"modified":"2016-03-02T19:08:36","modified_gmt":"2016-03-02T17:08:36","slug":"kaynak-meclisin-bu-kararinin-suudi-arabistanin-icine-dustugu-cikmazlikla-cirpinmasi-ve-korfez-bolgesindeki-arap-halkinin-iradesini-gasp-etmesi-anlamina-geldigini-vurguladi%e2%80%8f","status":"publish","type":"post","link":"https:\/\/archive.sana.sy\/tr\/?p=63479","title":{"rendered":"Kaynak Meclisin bu karar\u0131n\u0131n Suudi Arabistan&#8217;\u0131n i\u00e7ine d\u00fc\u015ft\u00fc\u011f\u00fc \u00e7\u0131kmazl\u0131kla \u00e7\u0131rp\u0131nmas\u0131 ve K\u00f6rfez b\u00f6lgesindeki Arap halk\u0131n\u0131n iradesini gasp etmesi anlam\u0131na geldi\u011fini vurgulad\u0131\u200f"},"content":{"rendered":"<p>Kaynak Meclisin bu karar\u0131n\u0131n Suudi Arabistan&#8217;\u0131n i\u00e7ine d\u00fc\u015ft\u00fc\u011f\u00fc \u00e7\u0131kmazl\u0131kla \u00e7\u0131rp\u0131nmas\u0131 ve K\u00f6rfez b\u00f6lgesindeki Arap halk\u0131n\u0131n iradesini gasp etmesi anlam\u0131na geldi\u011fini vurgulad\u0131\u200f<\/p>\n","protected":false},"excerpt":{"rendered":"<p>Kaynak Meclisin bu karar\u0131n\u0131n Suudi Arabistan&#8217;\u0131n i\u00e7ine d\u00fc\u015ft\u00fc\u011f\u00fc \u00e7\u0131kmazl\u0131kla \u00e7\u0131rp\u0131nmas\u0131 ve K\u00f6rfez b\u00f6lgesindeki Arap halk\u0131n\u0131n iradesini gasp etmesi anlam\u0131na geldi\u011fini vurgulad\u0131\u200f<\/p>\n","protected":false},"author":1,"featured_media":0,"comment_status":"closed","ping_status":"closed","sticky":false,"template":"","format":"standard","meta":{"footnotes":""},"categories":[17991],"tags":[],"class_list":["post-63479","post","type-post","status-publish","format-standard","","category-son-dakika"],"_links":{"self":[{"href":"https:\/\/archive.sana.sy\/tr\/index.php?rest_route=\/wp\/v2\/posts\/63479","targetHints":{"allow":["GET"]}}],"collection":[{"href":"https:\/\/archive.sana.sy\/tr\/index.php?rest_route=\/wp\/v2\/posts"}],"about":[{"href":"https:\/\/archive.sana.sy\/tr\/index.php?rest_route=\/wp\/v2\/types\/post"}],"author":[{"embeddable":true,"href":"https:\/\/archive.sana.sy\/tr\/index.php?rest_route=\/wp\/v2\/users\/1"}],"replies":[{"embeddable":true,"href":"https:\/\/archive.sana.sy\/tr\/index.php?rest_route=%2Fwp%2Fv2%2Fcomments&post=63479"}],"version-history":[{"count":0,"href":"https:\/\/archive.sana.sy\/tr\/index.php?rest_route=\/wp\/v2\/posts\/63479\/revisions"}],"wp:attachment":[{"href":"https:\/\/archive.sana.sy\/tr\/index.php?rest_route=%2Fwp%2Fv2%2Fmedia&parent=63479"}],"wp:term":[{"taxonomy":"category","embeddable":true,"href":"https:\/\/archive.sana.sy\/tr\/index.php?rest_route=%2Fwp%2Fv2%2Fcategories&post=63479"},{"taxonomy":"post_tag","embeddable":true,"href":"https:\/\/archive.sana.sy\/tr\/index.php?rest_route=%2Fwp%2Fv2%2Ftags&post=63479"}],"curies":[{"name":"wp","href":"https:\/\/api.w.org\/{rel}","templated":true}]}}