{"id":63483,"date":"2016-03-02T19:15:44","date_gmt":"2016-03-02T17:15:44","guid":{"rendered":"http:\/\/www.sana.sy\/tr\/?p=63483"},"modified":"2016-03-02T19:15:46","modified_gmt":"2016-03-02T17:15:46","slug":"secim-yuksek-yargi-komisyonu-bu-aksam-13-nisan-tarihinde-yapilacak-halk-meclisi-secimlerine-adaylik-basvurulari-tarihinin-bu-aksam-saat-2000da-sona-erecegini-ilan-etti%e2%80%8f","status":"publish","type":"post","link":"https:\/\/archive.sana.sy\/tr\/?p=63483","title":{"rendered":"Se\u00e7im Y\u00fcksek Yarg\u0131 Komisyonu bu ak\u015fam, 13 Nisan tarihinde yap\u0131lacak Halk Meclisi se\u00e7imlerine adayl\u0131k ba\u015fvurular\u0131 tarihinin bu ak\u015fam saat 20:00&#8217;da sona erece\u011fini ilan etti\u200f"},"content":{"rendered":"<p>Se\u00e7im Y\u00fcksek Yarg\u0131 Komisyonu bu ak\u015fam, 13 Nisan tarihinde yap\u0131lacak Halk Meclisi se\u00e7imlerine adayl\u0131k ba\u015fvurular\u0131 tarihinin bu ak\u015fam saat 20:00&#8217;da sona erece\u011fini ilan etti\u200f<\/p>\n","protected":false},"excerpt":{"rendered":"<p>Se\u00e7im Y\u00fcksek Yarg\u0131 Komisyonu bu ak\u015fam, 13 Nisan tarihinde yap\u0131lacak Halk Meclisi se\u00e7imlerine adayl\u0131k ba\u015fvurular\u0131 tarihinin bu ak\u015fam saat 20:00&#8217;da sona erece\u011fini ilan etti\u200f<\/p>\n","protected":false},"author":1,"featured_media":0,"comment_status":"closed","ping_status":"closed","sticky":false,"template":"","format":"standard","meta":{"footnotes":""},"categories":[17991],"tags":[],"class_list":["post-63483","post","type-post","status-publish","format-standard","","category-son-dakika"],"_links":{"self":[{"href":"https:\/\/archive.sana.sy\/tr\/index.php?rest_route=\/wp\/v2\/posts\/63483","targetHints":{"allow":["GET"]}}],"collection":[{"href":"https:\/\/archive.sana.sy\/tr\/index.php?rest_route=\/wp\/v2\/posts"}],"about":[{"href":"https:\/\/archive.sana.sy\/tr\/index.php?rest_route=\/wp\/v2\/types\/post"}],"author":[{"embeddable":true,"href":"https:\/\/archive.sana.sy\/tr\/index.php?rest_route=\/wp\/v2\/users\/1"}],"replies":[{"embeddable":true,"href":"https:\/\/archive.sana.sy\/tr\/index.php?rest_route=%2Fwp%2Fv2%2Fcomments&post=63483"}],"version-history":[{"count":0,"href":"https:\/\/archive.sana.sy\/tr\/index.php?rest_route=\/wp\/v2\/posts\/63483\/revisions"}],"wp:attachment":[{"href":"https:\/\/archive.sana.sy\/tr\/index.php?rest_route=%2Fwp%2Fv2%2Fmedia&parent=63483"}],"wp:term":[{"taxonomy":"category","embeddable":true,"href":"https:\/\/archive.sana.sy\/tr\/index.php?rest_route=%2Fwp%2Fv2%2Fcategories&post=63483"},{"taxonomy":"post_tag","embeddable":true,"href":"https:\/\/archive.sana.sy\/tr\/index.php?rest_route=%2Fwp%2Fv2%2Ftags&post=63483"}],"curies":[{"name":"wp","href":"https:\/\/api.w.org\/{rel}","templated":true}]}}