{"id":63485,"date":"2016-03-02T19:36:44","date_gmt":"2016-03-02T17:36:44","guid":{"rendered":"http:\/\/www.sana.sy\/tr\/?p=63485"},"modified":"2016-03-03T16:47:46","modified_gmt":"2016-03-03T14:47:46","slug":"ne-derecede-parmaklari-oldugunu-kanitliyor","status":"publish","type":"post","link":"https:\/\/archive.sana.sy\/tr\/?p=63485","title":{"rendered":"Ne Derecede Parmaklar\u0131 Oldu\u011funu Kan\u0131tl\u0131yor"},"content":{"rendered":"<p>\u015eAM \u2013 D\u0131\u015fi\u015fleri ve Gurbet\u00e7iler Bakanl\u0131\u011f\u0131nda Yetkili bir kaynak Suriye&#8217;nin; K\u00f6rfez \u0130\u015fbirli\u011fi Meclisinin L\u00fcbnanl\u0131 Hizbullah Partisini &#8216;ter\u00f6rist bir \u00f6rg\u00fct&#8217; olarak nitelendiren karar\u0131n\u0131 \u015fiddetle k\u0131nad\u0131\u011f\u0131n\u0131 vurgulad\u0131.<\/p>\n<p>Bakanl\u0131k kayna\u011f\u0131 bug\u00fcn SANA\u2019ya a\u00e7\u0131klamas\u0131nda; K\u00f6rfez \u0130\u015fbirli\u011fi Meclisinin bu karar\u0131 ve benzer t\u00fcm kararlar\u0131n\u0131n, g\u00fcn \u0131\u015f\u0131\u011f\u0131 gibi ger\u00e7ekleri de\u011fi\u015ftiremeyece\u011fi gibi Filistin, Arap direni\u015fi ve Suriye&#8217;ye y\u00f6nelik komplolarda meclis \u00fcyelerinin ne derecede parmaklar\u0131 olduklar\u0131n\u0131 daha net bir \u015fekilde ortaya koydu\u011funun alt\u0131n\u0131 \u00e7izdi.<\/p>\n<p>Kaynak Meclisin bu karar\u0131n\u0131n Suudi Arabistan&#8217;\u0131n i\u00e7ine d\u00fc\u015ft\u00fc\u011f\u00fc \u00e7\u0131kmazl\u0131kla \u00e7\u0131rp\u0131nmas\u0131 ve K\u00f6rfez b\u00f6lgesindeki Arap halk\u0131n\u0131n iradesini gasp etmesi anlam\u0131na geldi\u011fini vurgulad\u0131.K\u00f6rfez halk\u0131n\u0131n \u0130srail ile ili\u015fkilerin normalle\u015ftirilmesini her zaman reddetti\u011fini ve reddetmekte oldu\u011funu ifade eden kaynak; bu halk\u0131n keza Suriye&#8217;nin egemenli\u011fine, halk\u0131na ve b\u00fct\u00fcnl\u00fc\u011f\u00fcne zarar verilmesine kar\u015f\u0131 oldu\u011funa dikkat \u00e7ekti. Kaynak K\u00f6rfez \u0130\u015fbirli\u011fi Meclisinin bu kararla da \u0130srail\u2019e kar\u015f\u0131 m\u00fccadele veren Hizbullah Partisini hedef almakla \u0130srail\u2019e hizmet ederek Filistin davas\u0131na da zarar verdi\u011fine vurgu yapt\u0131.<\/p>\n<p>Meclisin bu karar\u0131n\u0131n \u0130srail politikalar\u0131 ve plan\u0131yla tamamen uyu\u015ftu\u011funa dikkat \u00e7eken kaynak; Hizbullah Partisinin bu i\u015fgalci Siyonist varl\u0131\u011fa kar\u015f\u0131 direni\u015f tarihinin \u015fan ve onur sembol\u00fc oldu\u011funu ifade etti.<\/p>\n<p>Bakanl\u0131k kayna\u011f\u0131; \u201ca\u00e7\u0131k\u00e7a g\u00f6r\u00fcl\u00fcyor ki Suriye ordusunun Hizbullah direni\u015f\u00e7ileriyle Suriye&#8217;de I\u015e\u0130D, Nusra Cephesi ve daha ba\u015fka ter\u00f6rist \u00f6rg\u00fctlere kar\u015f\u0131 ba\u015far\u0131lar\u0131n\u0131n K\u00f6rfez \u0130\u015fbirli\u011fi Meclisi karar ba\u015fkentlerini ciddi bir \u015fekilde rahats\u0131z etti ki, \u0130srail ve m\u00fcttefikleri bat\u0131l\u0131 devletlerin kafilesine kat\u0131l\u0131p direni\u015fin sembol\u00fc Hizbullah Partisini ter\u00f6rist \u00f6rg\u00fct olarak nitelendirdi.\u201d \u0130fadesini kulland\u0131.<\/p>\n<p>S\u00f6zlerine devam eden kaynak; Hizbullah Partisini her daim Siyonist ve hegemonyac\u0131 planlara kar\u015f\u0131 \u015fanl\u0131 bir direni\u015f \u00f6rg\u00fct\u00fc olarak g\u00f6ren Suriye&#8217;nin, bu parti ve direni\u015fiyle ba\u011flant\u0131lar\u0131ndan her daim onur duydu\u011funu ve duymaya devam edece\u011finin alt\u0131n\u0131 \u00e7izdi.<\/p>\n","protected":false},"excerpt":{"rendered":"<p>\u015eAM \u2013 D\u0131\u015fi\u015fleri ve Gurbet\u00e7iler Bakanl\u0131\u011f\u0131nda Yetkili bir kaynak Suriye&#8217;nin; K\u00f6rfez \u0130\u015fbirli\u011fi Meclisinin L\u00fcbnanl\u0131 Hizbullah Partisini &#8216;ter\u00f6rist bir \u00f6rg\u00fct&#8217; olarak nitelendiren karar\u0131n\u0131 \u015fiddetle k\u0131nad\u0131\u011f\u0131n\u0131 vurgulad\u0131. Bakanl\u0131k kayna\u011f\u0131 bug\u00fcn SANA\u2019ya a\u00e7\u0131klamas\u0131nda; K\u00f6rfez \u0130\u015fbirli\u011fi Meclisinin bu karar\u0131 ve benzer t\u00fcm kararlar\u0131n\u0131n, g\u00fcn \u0131\u015f\u0131\u011f\u0131 gibi ger\u00e7ekleri de\u011fi\u015ftiremeyece\u011fi gibi Filistin, Arap direni\u015fi ve Suriye&#8217;ye y\u00f6nelik komplolarda meclis \u00fcyelerinin ne &hellip;<\/p>\n","protected":false},"author":1,"featured_media":58242,"comment_status":"closed","ping_status":"closed","sticky":false,"template":"","format":"standard","meta":{"footnotes":""},"categories":[479,17988,478],"tags":[],"class_list":["post-63485","post","type-post","status-publish","format-standard","has-post-thumbnail","","category-haberler-yerel","category-son-haberler","category-yerel"],"_links":{"self":[{"href":"https:\/\/archive.sana.sy\/tr\/index.php?rest_route=\/wp\/v2\/posts\/63485","targetHints":{"allow":["GET"]}}],"collection":[{"href":"https:\/\/archive.sana.sy\/tr\/index.php?rest_route=\/wp\/v2\/posts"}],"about":[{"href":"https:\/\/archive.sana.sy\/tr\/index.php?rest_route=\/wp\/v2\/types\/post"}],"author":[{"embeddable":true,"href":"https:\/\/archive.sana.sy\/tr\/index.php?rest_route=\/wp\/v2\/users\/1"}],"replies":[{"embeddable":true,"href":"https:\/\/archive.sana.sy\/tr\/index.php?rest_route=%2Fwp%2Fv2%2Fcomments&post=63485"}],"version-history":[{"count":0,"href":"https:\/\/archive.sana.sy\/tr\/index.php?rest_route=\/wp\/v2\/posts\/63485\/revisions"}],"wp:featuredmedia":[{"embeddable":true,"href":"https:\/\/archive.sana.sy\/tr\/index.php?rest_route=\/wp\/v2\/media\/58242"}],"wp:attachment":[{"href":"https:\/\/archive.sana.sy\/tr\/index.php?rest_route=%2Fwp%2Fv2%2Fmedia&parent=63485"}],"wp:term":[{"taxonomy":"category","embeddable":true,"href":"https:\/\/archive.sana.sy\/tr\/index.php?rest_route=%2Fwp%2Fv2%2Fcategories&post=63485"},{"taxonomy":"post_tag","embeddable":true,"href":"https:\/\/archive.sana.sy\/tr\/index.php?rest_route=%2Fwp%2Fv2%2Ftags&post=63485"}],"curies":[{"name":"wp","href":"https:\/\/api.w.org\/{rel}","templated":true}]}}