{"id":63489,"date":"2016-03-02T19:51:56","date_gmt":"2016-03-02T17:51:56","guid":{"rendered":"http:\/\/www.sana.sy\/tr\/?p=63489"},"modified":"2016-03-03T16:13:28","modified_gmt":"2016-03-03T14:13:28","slug":"halk-meclisi-secimlerine-adaylik-basvuru-tarihi-sona-erdi","status":"publish","type":"post","link":"https:\/\/archive.sana.sy\/tr\/?p=63489","title":{"rendered":"Halk Meclisi Se\u00e7imlerine Adayl\u0131k Ba\u015fvuru Tarihi Sona Erdi (video)"},"content":{"rendered":"<p>\u015eAM \u2013 Se\u00e7im Y\u00fcksek Yarg\u0131 Komisyonu bu ak\u015fam, 13 Nisan tarihinde yap\u0131lacak Halk Meclisi se\u00e7imlerine adayl\u0131k ba\u015fvurular\u0131 tarihinin anayasa kapsam\u0131nda daha \u00f6nce belirlendi\u011fi \u00fczere bu ak\u015fam saat 20:00&#8217;da sona erdi\u011fini ilan etti.<\/p>\n<p>Komisyon bug\u00fcn yapt\u0131\u011f\u0131 a\u00e7\u0131klamada Halk Meclisi se\u00e7imlerine adayl\u0131k komitelerinin, yap\u0131lan t\u00fcm ba\u015fvurular\u0131 03-03-2016 tarihinden 07-03-2016 tarihine dek uzanan s\u00fcre i\u00e7inde anayasa ve se\u00e7im kanunu \u00e7er\u00e7evesinde inceleyece\u011fini ve sonu\u00e7lar\u0131 ba\u015fvuru sahiplerine iletece\u011fini a\u00e7\u0131klad\u0131.<\/p>\n<p>https:\/\/www.youtube.com\/watch?v=GavwIEClZc0<\/p>\n","protected":false},"excerpt":{"rendered":"<p>\u015eAM \u2013 Se\u00e7im Y\u00fcksek Yarg\u0131 Komisyonu bu ak\u015fam, 13 Nisan tarihinde yap\u0131lacak Halk Meclisi se\u00e7imlerine adayl\u0131k ba\u015fvurular\u0131 tarihinin anayasa kapsam\u0131nda daha \u00f6nce belirlendi\u011fi \u00fczere bu ak\u015fam saat 20:00&#8217;da sona erdi\u011fini ilan etti. Komisyon bug\u00fcn yapt\u0131\u011f\u0131 a\u00e7\u0131klamada Halk Meclisi se\u00e7imlerine adayl\u0131k komitelerinin, yap\u0131lan t\u00fcm ba\u015fvurular\u0131 03-03-2016 tarihinden 07-03-2016 tarihine dek uzanan s\u00fcre i\u00e7inde anayasa ve se\u00e7im &hellip;<\/p>\n","protected":false},"author":1,"featured_media":63599,"comment_status":"closed","ping_status":"closed","sticky":false,"template":"","format":"standard","meta":{"footnotes":""},"categories":[479,17988,478],"tags":[],"class_list":["post-63489","post","type-post","status-publish","format-standard","has-post-thumbnail","","category-haberler-yerel","category-son-haberler","category-yerel"],"_links":{"self":[{"href":"https:\/\/archive.sana.sy\/tr\/index.php?rest_route=\/wp\/v2\/posts\/63489","targetHints":{"allow":["GET"]}}],"collection":[{"href":"https:\/\/archive.sana.sy\/tr\/index.php?rest_route=\/wp\/v2\/posts"}],"about":[{"href":"https:\/\/archive.sana.sy\/tr\/index.php?rest_route=\/wp\/v2\/types\/post"}],"author":[{"embeddable":true,"href":"https:\/\/archive.sana.sy\/tr\/index.php?rest_route=\/wp\/v2\/users\/1"}],"replies":[{"embeddable":true,"href":"https:\/\/archive.sana.sy\/tr\/index.php?rest_route=%2Fwp%2Fv2%2Fcomments&post=63489"}],"version-history":[{"count":0,"href":"https:\/\/archive.sana.sy\/tr\/index.php?rest_route=\/wp\/v2\/posts\/63489\/revisions"}],"wp:featuredmedia":[{"embeddable":true,"href":"https:\/\/archive.sana.sy\/tr\/index.php?rest_route=\/wp\/v2\/media\/63599"}],"wp:attachment":[{"href":"https:\/\/archive.sana.sy\/tr\/index.php?rest_route=%2Fwp%2Fv2%2Fmedia&parent=63489"}],"wp:term":[{"taxonomy":"category","embeddable":true,"href":"https:\/\/archive.sana.sy\/tr\/index.php?rest_route=%2Fwp%2Fv2%2Fcategories&post=63489"},{"taxonomy":"post_tag","embeddable":true,"href":"https:\/\/archive.sana.sy\/tr\/index.php?rest_route=%2Fwp%2Fv2%2Ftags&post=63489"}],"curies":[{"name":"wp","href":"https:\/\/api.w.org\/{rel}","templated":true}]}}