{"id":63507,"date":"2016-03-03T15:35:57","date_gmt":"2016-03-03T13:35:57","guid":{"rendered":"http:\/\/www.sana.sy\/tr\/?p=63507"},"modified":"2016-03-04T15:38:40","modified_gmt":"2016-03-04T13:38:40","slug":"teroristlerin-sivillere-saldirilarinda-2-sehit","status":"publish","type":"post","link":"https:\/\/archive.sana.sy\/tr\/?p=63507","title":{"rendered":"Ter\u00f6ristlerin Sivillere Sald\u0131r\u0131lar\u0131nda 2 \u015eehit"},"content":{"rendered":"<p>HALEP \u2013 Halep Valili\u011finde bir kaynak SANA\u2019ya a\u00e7\u0131klamas\u0131nda T\u00fcrkiye rejiminin destek ve komutas\u0131nda vah\u015fetlerini s\u00fcrd\u00fcren ter\u00f6ristlerin bug\u00fcn Halep Kentinin sivil yerle\u015fim alanlar\u0131ndan \u015eeyh Maksud Semtine geli\u015fig\u00fczel olarak f\u00fczelerle sald\u0131rd\u0131klar\u0131n\u0131 belirtti.<\/p>\n<p>Kaynak savunmas\u0131z sivil vatanda\u015flar\u0131n canlar\u0131n\u0131 ve mallar\u0131n\u0131 hedef alan sald\u0131r\u0131larda 2 ki\u015finin \u015fehit, 25 ki\u015finin de yaral\u0131 d\u00fc\u015ft\u00fcklerini aktard\u0131.<\/p>\n","protected":false},"excerpt":{"rendered":"<p>HALEP \u2013 Halep Valili\u011finde bir kaynak SANA\u2019ya a\u00e7\u0131klamas\u0131nda T\u00fcrkiye rejiminin destek ve komutas\u0131nda vah\u015fetlerini s\u00fcrd\u00fcren ter\u00f6ristlerin bug\u00fcn Halep Kentinin sivil yerle\u015fim alanlar\u0131ndan \u015eeyh Maksud Semtine geli\u015fig\u00fczel olarak f\u00fczelerle sald\u0131rd\u0131klar\u0131n\u0131 belirtti. Kaynak savunmas\u0131z sivil vatanda\u015flar\u0131n canlar\u0131n\u0131 ve mallar\u0131n\u0131 hedef alan sald\u0131r\u0131larda 2 ki\u015finin \u015fehit, 25 ki\u015finin de yaral\u0131 d\u00fc\u015ft\u00fcklerini aktard\u0131.<\/p>\n","protected":false},"author":1,"featured_media":63614,"comment_status":"closed","ping_status":"closed","sticky":false,"template":"","format":"standard","meta":{"footnotes":""},"categories":[479,575,17988,478],"tags":[18237,17606,18344,5010,19632,19631,18674,18174,19034],"class_list":["post-63507","post","type-post","status-publish","format-standard","has-post-thumbnail","","category-haberler-yerel","category-olaylar-ve-gercekler","category-son-haberler","category-yerel","tag-cihatcilar","tag-fuze-saldirilari","tag-gelisiguzel-saldirilar","tag-havan-saldirilari","tag-masum-siviller","tag-savunmasiz-siviller","tag-silahli-muhalifler","tag-sivillere-saldiri","tag-suriyeli-muhalifler"],"_links":{"self":[{"href":"https:\/\/archive.sana.sy\/tr\/index.php?rest_route=\/wp\/v2\/posts\/63507","targetHints":{"allow":["GET"]}}],"collection":[{"href":"https:\/\/archive.sana.sy\/tr\/index.php?rest_route=\/wp\/v2\/posts"}],"about":[{"href":"https:\/\/archive.sana.sy\/tr\/index.php?rest_route=\/wp\/v2\/types\/post"}],"author":[{"embeddable":true,"href":"https:\/\/archive.sana.sy\/tr\/index.php?rest_route=\/wp\/v2\/users\/1"}],"replies":[{"embeddable":true,"href":"https:\/\/archive.sana.sy\/tr\/index.php?rest_route=%2Fwp%2Fv2%2Fcomments&post=63507"}],"version-history":[{"count":0,"href":"https:\/\/archive.sana.sy\/tr\/index.php?rest_route=\/wp\/v2\/posts\/63507\/revisions"}],"wp:featuredmedia":[{"embeddable":true,"href":"https:\/\/archive.sana.sy\/tr\/index.php?rest_route=\/wp\/v2\/media\/63614"}],"wp:attachment":[{"href":"https:\/\/archive.sana.sy\/tr\/index.php?rest_route=%2Fwp%2Fv2%2Fmedia&parent=63507"}],"wp:term":[{"taxonomy":"category","embeddable":true,"href":"https:\/\/archive.sana.sy\/tr\/index.php?rest_route=%2Fwp%2Fv2%2Fcategories&post=63507"},{"taxonomy":"post_tag","embeddable":true,"href":"https:\/\/archive.sana.sy\/tr\/index.php?rest_route=%2Fwp%2Fv2%2Ftags&post=63507"}],"curies":[{"name":"wp","href":"https:\/\/api.w.org\/{rel}","templated":true}]}}