{"id":63555,"date":"2016-03-03T16:45:52","date_gmt":"2016-03-03T14:45:52","guid":{"rendered":"http:\/\/www.sana.sy\/tr\/?p=63555"},"modified":"2016-03-04T15:38:37","modified_gmt":"2016-03-04T13:38:37","slug":"ariza-ekipleri-yogun-calismalarda-bulunuyor","status":"publish","type":"post","link":"https:\/\/archive.sana.sy\/tr\/?p=63555","title":{"rendered":"Elektrikler A\u015famal\u0131 Bir \u015eekilde Gelmeye Ba\u015flad\u0131"},"content":{"rendered":"<p>\u015eAM \u2013 Elektrik Bakanl\u0131\u011f\u0131nda yetkili bir kaynak ar\u0131za ekiplerinin ani ar\u0131zay\u0131 tespit etmeleri ard\u0131ndan elektriklerin yurt genelinde a\u015famal\u0131 bir \u015fekilde yeniden temin edilmeye ba\u015fland\u0131\u011f\u0131n\u0131 belirtti.<\/p>\n<p>Kaynak hizmet d\u0131\u015f\u0131 kalan t\u00fcm elektrik \u00fcnitelerinin maksimum bug\u00fcn gece yar\u0131s\u0131ndan \u00f6nce tamam\u0131n\u0131n yeniden hizmete girece\u011fini ifade etti.<\/p>\n<p>\u00d6\u011flen saatlerinde a\u00e7\u0131klama yapan kaynak; t\u00fcm illerde ani bir elektrik kesintisinin oldu\u011funu a\u00e7\u0131klarken, ar\u0131za ekiplerinin derhal sebebi tespit etme \u00e7al\u0131\u015fmalar\u0131na ba\u015flad\u0131klar\u0131n\u0131 ifade etmi\u015fti. Kaynak ar\u0131za ekiplerinin ar\u0131zay\u0131 hemen giderme ve \u00f6n\u00fcm\u00fczdeki birka\u00e7 saat i\u00e7inde elektrik enerjisini yeniden temin etmek i\u00e7in yo\u011fun \u00e7al\u0131\u015fmalar y\u00fcr\u00fctt\u00fcklerini s\u00f6yledi.<\/p>\n","protected":false},"excerpt":{"rendered":"<p>\u015eAM \u2013 Elektrik Bakanl\u0131\u011f\u0131nda yetkili bir kaynak ar\u0131za ekiplerinin ani ar\u0131zay\u0131 tespit etmeleri ard\u0131ndan elektriklerin yurt genelinde a\u015famal\u0131 bir \u015fekilde yeniden temin edilmeye ba\u015fland\u0131\u011f\u0131n\u0131 belirtti. Kaynak hizmet d\u0131\u015f\u0131 kalan t\u00fcm elektrik \u00fcnitelerinin maksimum bug\u00fcn gece yar\u0131s\u0131ndan \u00f6nce tamam\u0131n\u0131n yeniden hizmete girece\u011fini ifade etti. \u00d6\u011flen saatlerinde a\u00e7\u0131klama yapan kaynak; t\u00fcm illerde ani bir elektrik kesintisinin oldu\u011funu &hellip;<\/p>\n","protected":false},"author":1,"featured_media":63558,"comment_status":"closed","ping_status":"closed","sticky":false,"template":"","format":"standard","meta":{"footnotes":""},"categories":[485,486,17988],"tags":[19642,19641,19640],"class_list":["post-63555","post","type-post","status-publish","format-standard","has-post-thumbnail","","category-is-ve-sermaye","category-haberler-is-ve-sermaye","category-son-haberler","tag-ariza-ekibi","tag-elektrik-kesintisi","tag-elektrik-sebekesi"],"_links":{"self":[{"href":"https:\/\/archive.sana.sy\/tr\/index.php?rest_route=\/wp\/v2\/posts\/63555","targetHints":{"allow":["GET"]}}],"collection":[{"href":"https:\/\/archive.sana.sy\/tr\/index.php?rest_route=\/wp\/v2\/posts"}],"about":[{"href":"https:\/\/archive.sana.sy\/tr\/index.php?rest_route=\/wp\/v2\/types\/post"}],"author":[{"embeddable":true,"href":"https:\/\/archive.sana.sy\/tr\/index.php?rest_route=\/wp\/v2\/users\/1"}],"replies":[{"embeddable":true,"href":"https:\/\/archive.sana.sy\/tr\/index.php?rest_route=%2Fwp%2Fv2%2Fcomments&post=63555"}],"version-history":[{"count":0,"href":"https:\/\/archive.sana.sy\/tr\/index.php?rest_route=\/wp\/v2\/posts\/63555\/revisions"}],"wp:featuredmedia":[{"embeddable":true,"href":"https:\/\/archive.sana.sy\/tr\/index.php?rest_route=\/wp\/v2\/media\/63558"}],"wp:attachment":[{"href":"https:\/\/archive.sana.sy\/tr\/index.php?rest_route=%2Fwp%2Fv2%2Fmedia&parent=63555"}],"wp:term":[{"taxonomy":"category","embeddable":true,"href":"https:\/\/archive.sana.sy\/tr\/index.php?rest_route=%2Fwp%2Fv2%2Fcategories&post=63555"},{"taxonomy":"post_tag","embeddable":true,"href":"https:\/\/archive.sana.sy\/tr\/index.php?rest_route=%2Fwp%2Fv2%2Ftags&post=63555"}],"curies":[{"name":"wp","href":"https:\/\/api.w.org\/{rel}","templated":true}]}}