{"id":63560,"date":"2016-03-03T15:30:01","date_gmt":"2016-03-03T13:30:01","guid":{"rendered":"http:\/\/www.sana.sy\/tr\/?p=63560"},"modified":"2016-03-04T15:41:27","modified_gmt":"2016-03-04T13:41:27","slug":"tum-kosullara-ragmen-ucretsiz-hizmetlerin-devam-etmesi-buyuk-bir-onem-tasiyor","status":"publish","type":"post","link":"https:\/\/archive.sana.sy\/tr\/?p=63560","title":{"rendered":"\u00dccretsiz Hizmetlerin Devam Etmesi B\u00fcy\u00fck Bir \u00d6nem Ta\u015f\u0131yor (video)"},"content":{"rendered":"<p>\u015eAM \u2013 Suriye Tabipler Birli\u011finin 2016 1. Uluslararas\u0131 Bilimsel Konferans\u0131 uzman doktorlar, medikal \u015firketler, farmakoloji \u015firketleri, Ba\u015fbakan Vail el Halaki ve bir dizi bakan\u0131n kat\u0131l\u0131m\u0131yla \u015eam\u2019daki \u015eehit Basil el Esad Hastanesindeki konferans salonunda faaliyetlerine ba\u015flad\u0131.<\/p>\n<p>Konferans\u0131n a\u00e7\u0131l\u0131\u015f\u0131nda konu\u015fan Ba\u015fbakan Halaki; bilimsel konferans\u0131n bilgilerin g\u00fcncelle\u015ftirilmesi ve geli\u015fmelerin yak\u0131ndan takip edilip tart\u0131\u015f\u0131lmas\u0131 a\u00e7\u0131s\u0131ndan b\u00fcy\u00fck \u00f6nem ta\u015f\u0131d\u0131\u011f\u0131na dikkat \u00e7ekti. Halaki b\u00f6ylelikle vatanda\u015flara verilen hizmet kalitesinin de peki\u015ftirilece\u011fine i\u015faret ederken, mevcut ko\u015fullara ra\u011fmen g\u00f6revlerini ulusal sorumluluk ve duyarl\u0131l\u0131kla s\u00fcrd\u00fcrmek i\u00e7in yo\u011fun \u00e7aba harcayan sa\u011fl\u0131k sekt\u00f6r\u00fc \u00e7al\u0131\u015fanlar\u0131na Cumhurba\u015fkan\u0131 el Esad\u2019\u0131n iyi dilek ve takdirlerini aktard\u0131.<\/p>\n<p>Vatan ve vatanda\u015flar\u0131 savunman\u0131n muhtelif yollar\u0131 oldu\u011funa i\u015faret eden Halaki; hizmet sekt\u00f6rlerinde \u00e7al\u0131\u015fanlar\u0131n da g\u00f6revlerini tam bir duyarl\u0131l\u0131kla yerine getirmelerinin vatan\u0131 savunmadaki rol\u00fcne vurgu yapt\u0131.<\/p>\n<p>Ba\u015fbakan Halaki Suriye ve halk\u0131na y\u00f6nelik y\u00fcr\u00fct\u00fclen evrensel ter\u00f6r sava\u015f\u0131 ve yapt\u0131r\u0131mlar\u0131n yol a\u00e7t\u0131\u011f\u0131 olumsuz etkilere \u0131\u015f\u0131k tutarken, sa\u011fl\u0131k sekt\u00f6r\u00fcn\u00fcn t\u00fcm bu ko\u015fullara ra\u011fmen t\u00fcm vatanda\u015flara \u00fccretsiz hizmetlerini s\u00fcrd\u00fcrmesinin b\u00fcy\u00fck bir anlam ve \u00f6nem ta\u015f\u0131d\u0131\u011f\u0131n\u0131n alt\u0131n\u0131 \u00e7izdi.<\/p>\n<p>https:\/\/www.youtube.com\/watch?time_continue=36&#038;v=d15QSUSj21o<\/p>\n<p>&nbsp;<\/p>\n","protected":false},"excerpt":{"rendered":"<p>\u015eAM \u2013 Suriye Tabipler Birli\u011finin 2016 1. Uluslararas\u0131 Bilimsel Konferans\u0131 uzman doktorlar, medikal \u015firketler, farmakoloji \u015firketleri, Ba\u015fbakan Vail el Halaki ve bir dizi bakan\u0131n kat\u0131l\u0131m\u0131yla \u015eam\u2019daki \u015eehit Basil el Esad Hastanesindeki konferans salonunda faaliyetlerine ba\u015flad\u0131. Konferans\u0131n a\u00e7\u0131l\u0131\u015f\u0131nda konu\u015fan Ba\u015fbakan Halaki; bilimsel konferans\u0131n bilgilerin g\u00fcncelle\u015ftirilmesi ve geli\u015fmelerin yak\u0131ndan takip edilip tart\u0131\u015f\u0131lmas\u0131 a\u00e7\u0131s\u0131ndan b\u00fcy\u00fck \u00f6nem ta\u015f\u0131d\u0131\u011f\u0131na dikkat &hellip;<\/p>\n","protected":false},"author":1,"featured_media":63561,"comment_status":"closed","ping_status":"closed","sticky":false,"template":"","format":"standard","meta":{"footnotes":""},"categories":[479,17988,478],"tags":[18703,19645,19643,19644,18702],"class_list":["post-63560","post","type-post","status-publish","format-standard","has-post-thumbnail","","category-haberler-yerel","category-son-haberler","category-yerel","tag-basbakan","tag-bilimsel-konferasn","tag-tabipler-birligi","tag-tabipler-sendikasi","tag-vail-el-halaki"],"_links":{"self":[{"href":"https:\/\/archive.sana.sy\/tr\/index.php?rest_route=\/wp\/v2\/posts\/63560","targetHints":{"allow":["GET"]}}],"collection":[{"href":"https:\/\/archive.sana.sy\/tr\/index.php?rest_route=\/wp\/v2\/posts"}],"about":[{"href":"https:\/\/archive.sana.sy\/tr\/index.php?rest_route=\/wp\/v2\/types\/post"}],"author":[{"embeddable":true,"href":"https:\/\/archive.sana.sy\/tr\/index.php?rest_route=\/wp\/v2\/users\/1"}],"replies":[{"embeddable":true,"href":"https:\/\/archive.sana.sy\/tr\/index.php?rest_route=%2Fwp%2Fv2%2Fcomments&post=63560"}],"version-history":[{"count":0,"href":"https:\/\/archive.sana.sy\/tr\/index.php?rest_route=\/wp\/v2\/posts\/63560\/revisions"}],"wp:featuredmedia":[{"embeddable":true,"href":"https:\/\/archive.sana.sy\/tr\/index.php?rest_route=\/wp\/v2\/media\/63561"}],"wp:attachment":[{"href":"https:\/\/archive.sana.sy\/tr\/index.php?rest_route=%2Fwp%2Fv2%2Fmedia&parent=63560"}],"wp:term":[{"taxonomy":"category","embeddable":true,"href":"https:\/\/archive.sana.sy\/tr\/index.php?rest_route=%2Fwp%2Fv2%2Fcategories&post=63560"},{"taxonomy":"post_tag","embeddable":true,"href":"https:\/\/archive.sana.sy\/tr\/index.php?rest_route=%2Fwp%2Fv2%2Ftags&post=63560"}],"curies":[{"name":"wp","href":"https:\/\/api.w.org\/{rel}","templated":true}]}}