{"id":63593,"date":"2016-03-03T15:30:43","date_gmt":"2016-03-03T13:30:43","guid":{"rendered":"http:\/\/www.sana.sy\/tr\/?p=63593"},"modified":"2016-03-03T15:41:04","modified_gmt":"2016-03-03T13:41:04","slug":"suriye-telekomunikasyon-sirketi-internet-sebekesinin-bir-ekseninde-meydana-gelen-teknik-arizanin-onarilmasi-ardindan-internet-hizmetinin-tam-olarak-yeniden-saglandigini-belirtti","status":"publish","type":"post","link":"https:\/\/archive.sana.sy\/tr\/?p=63593","title":{"rendered":"Suriye Telekom\u00fcnikasyon \u015eirketi; internet \u015febekesinin bir ekseninde meydana gelen teknik ar\u0131zan\u0131n onar\u0131lmas\u0131 ard\u0131ndan internet hizmetinin tam olarak yeniden sa\u011fland\u0131\u011f\u0131n\u0131 belirtti"},"content":{"rendered":"<p>Suriye Telekom\u00fcnikasyon \u015eirketi; internet \u015febekesinin bir ekseninde meydana gelen teknik ar\u0131zan\u0131n onar\u0131lmas\u0131 ard\u0131ndan internet hizmetinin tam olarak yeniden sa\u011fland\u0131\u011f\u0131n\u0131 belirtti<\/p>\n","protected":false},"excerpt":{"rendered":"<p>Suriye Telekom\u00fcnikasyon \u015eirketi; internet \u015febekesinin bir ekseninde meydana gelen teknik ar\u0131zan\u0131n onar\u0131lmas\u0131 ard\u0131ndan internet hizmetinin tam olarak yeniden sa\u011fland\u0131\u011f\u0131n\u0131 belirtti<\/p>\n","protected":false},"author":1,"featured_media":0,"comment_status":"closed","ping_status":"closed","sticky":false,"template":"","format":"standard","meta":{"footnotes":""},"categories":[17991],"tags":[],"class_list":["post-63593","post","type-post","status-publish","format-standard","","category-son-dakika"],"_links":{"self":[{"href":"https:\/\/archive.sana.sy\/tr\/index.php?rest_route=\/wp\/v2\/posts\/63593","targetHints":{"allow":["GET"]}}],"collection":[{"href":"https:\/\/archive.sana.sy\/tr\/index.php?rest_route=\/wp\/v2\/posts"}],"about":[{"href":"https:\/\/archive.sana.sy\/tr\/index.php?rest_route=\/wp\/v2\/types\/post"}],"author":[{"embeddable":true,"href":"https:\/\/archive.sana.sy\/tr\/index.php?rest_route=\/wp\/v2\/users\/1"}],"replies":[{"embeddable":true,"href":"https:\/\/archive.sana.sy\/tr\/index.php?rest_route=%2Fwp%2Fv2%2Fcomments&post=63593"}],"version-history":[{"count":0,"href":"https:\/\/archive.sana.sy\/tr\/index.php?rest_route=\/wp\/v2\/posts\/63593\/revisions"}],"wp:attachment":[{"href":"https:\/\/archive.sana.sy\/tr\/index.php?rest_route=%2Fwp%2Fv2%2Fmedia&parent=63593"}],"wp:term":[{"taxonomy":"category","embeddable":true,"href":"https:\/\/archive.sana.sy\/tr\/index.php?rest_route=%2Fwp%2Fv2%2Fcategories&post=63593"},{"taxonomy":"post_tag","embeddable":true,"href":"https:\/\/archive.sana.sy\/tr\/index.php?rest_route=%2Fwp%2Fv2%2Ftags&post=63593"}],"curies":[{"name":"wp","href":"https:\/\/api.w.org\/{rel}","templated":true}]}}