{"id":63611,"date":"2016-03-03T18:46:44","date_gmt":"2016-03-03T16:46:44","guid":{"rendered":"http:\/\/www.sana.sy\/tr\/?p=63611"},"modified":"2016-03-05T12:59:06","modified_gmt":"2016-03-05T10:59:06","slug":"vatan-koruyuculari-operasyonlarinda-kararliliklarini-kanitliyor-2","status":"publish","type":"post","link":"https:\/\/archive.sana.sy\/tr\/?p=63611","title":{"rendered":"Vatan Koruyucular\u0131 Operasyonlar\u0131nda Kararl\u0131l\u0131klar\u0131n\u0131 Kan\u0131tl\u0131yor"},"content":{"rendered":"<p>\u0130LLER \u2013 Suriye\u2019nin istisnas\u0131z her kar\u0131\u015f topra\u011f\u0131n\u0131 ter\u00f6rden temizlemede azim ve kararl\u0131l\u0131klar\u0131n\u0131 kan\u0131tlayan vatan koruyucular\u0131m\u0131z bug\u00fcn de d\u0131\u015f g\u00fc\u00e7lerin ta\u015feronu ter\u00f6ristleri say\u0131 ve cephaneleriyle b\u00fcy\u00fck kay\u0131plara u\u011fratmaya devam ettiler.<\/p>\n<p><span style=\"color: #0000ff\">HOMS:<\/span><\/p>\n<p>Askeri kaynak; hava g\u00fc\u00e7lerimizin Homs k\u0131rsal\u0131n\u0131n do\u011fusu Vadi Abyad B\u00f6lgesi ve Resm el Arnab K\u00f6y\u00fcn\u00fcn yan\u0131 s\u0131ra Tedmur Kentinin do\u011fusu ve bat\u0131s\u0131nda I\u015e\u0130D ter\u00f6r \u00f6rg\u00fct\u00fcne tabi komuta karargahlar\u0131 ve toplanma yerlerini hedef ald\u0131klar\u0131n\u0131 ifade etti. Kaynak; operasyonlarda \u00e7ok say\u0131da ter\u00f6ristin \u00f6l\u00fc ve yaral\u0131 d\u00fc\u015f\u00fcr\u00fcl\u00fcp a\u011f\u0131r makineli silahlarla donat\u0131lm\u0131\u015f ara\u00e7lar\u0131n\u0131n da imha edildi\u011fine dikkat \u00e7ekti.<\/p>\n<p>Homs k\u0131rsal\u0131n\u0131n g\u00fcneydo\u011fusu Mhin Beldesinin do\u011fusunda da hava g\u00fc\u00e7lerimizin I\u015e\u0130D\u2019in yuva ve k\u00fcmelenme yerlerini yo\u011fun ate\u015fe tutuklar\u0131n\u0131 belirten kaynak; tekfircileri say\u0131 ve te\u00e7hizatlar\u0131yla a\u011f\u0131r kay\u0131plara u\u011fratt\u0131klar\u0131n\u0131 s\u00f6zlerine ekledi.<\/p>\n<p><span style=\"color: #0000ff\">HALEP:<\/span><\/p>\n<p>\u00d6te yandan hava g\u00fc\u00e7lerimizin Halep k\u0131rsal\u0131nda katil Erdo\u011fan rejimine ba\u011fl\u0131 ter\u00f6r \u00f6rg\u00fctlerin mevkilerine y\u00f6nelik hava operasyonlar\u0131n\u0131 s\u00fcrd\u00fcrd\u00fcklerini beyan eden saha kaynaklar\u0131; Bab Kenti, Serce Kebira K\u00f6y\u00fc ve Medyone Mezralar\u0131nda I\u015e\u0130D\u2019in siper ve karargahlar\u0131n\u0131 yo\u011fun ate\u015fe tutuklar\u0131n\u0131 aktard\u0131.<\/p>\n<p>Kaynaklar; hava operasyonlar\u0131nda \u00e7ok say\u0131da ter\u00f6ristin \u00f6l\u00fc ve yaral\u0131 d\u00fc\u015f\u00fcr\u00fcl\u00fcp havzalar\u0131nda bulunan silah ve m\u00fchimmatlar\u0131n\u0131n yan\u0131 s\u0131ra bir k\u0131sm\u0131 a\u011f\u0131r makineli silahlarla donat\u0131lm\u0131\u015f ara\u00e7lar\u0131n\u0131n yok edildi\u011fini s\u00f6yledi.<\/p>\n","protected":false},"excerpt":{"rendered":"<p>\u0130LLER \u2013 Suriye\u2019nin istisnas\u0131z her kar\u0131\u015f topra\u011f\u0131n\u0131 ter\u00f6rden temizlemede azim ve kararl\u0131l\u0131klar\u0131n\u0131 kan\u0131tlayan vatan koruyucular\u0131m\u0131z bug\u00fcn de d\u0131\u015f g\u00fc\u00e7lerin ta\u015feronu ter\u00f6ristleri say\u0131 ve cephaneleriyle b\u00fcy\u00fck kay\u0131plara u\u011fratmaya devam ettiler. HOMS: Askeri kaynak; hava g\u00fc\u00e7lerimizin Homs k\u0131rsal\u0131n\u0131n do\u011fusu Vadi Abyad B\u00f6lgesi ve Resm el Arnab K\u00f6y\u00fcn\u00fcn yan\u0131 s\u0131ra Tedmur Kentinin do\u011fusu ve bat\u0131s\u0131nda I\u015e\u0130D ter\u00f6r \u00f6rg\u00fct\u00fcne &hellip;<\/p>\n","protected":false},"author":1,"featured_media":63612,"comment_status":"closed","ping_status":"closed","sticky":false,"template":"","format":"standard","meta":{"footnotes":""},"categories":[575],"tags":[],"class_list":["post-63611","post","type-post","status-publish","format-standard","has-post-thumbnail","","category-olaylar-ve-gercekler"],"_links":{"self":[{"href":"https:\/\/archive.sana.sy\/tr\/index.php?rest_route=\/wp\/v2\/posts\/63611","targetHints":{"allow":["GET"]}}],"collection":[{"href":"https:\/\/archive.sana.sy\/tr\/index.php?rest_route=\/wp\/v2\/posts"}],"about":[{"href":"https:\/\/archive.sana.sy\/tr\/index.php?rest_route=\/wp\/v2\/types\/post"}],"author":[{"embeddable":true,"href":"https:\/\/archive.sana.sy\/tr\/index.php?rest_route=\/wp\/v2\/users\/1"}],"replies":[{"embeddable":true,"href":"https:\/\/archive.sana.sy\/tr\/index.php?rest_route=%2Fwp%2Fv2%2Fcomments&post=63611"}],"version-history":[{"count":0,"href":"https:\/\/archive.sana.sy\/tr\/index.php?rest_route=\/wp\/v2\/posts\/63611\/revisions"}],"wp:featuredmedia":[{"embeddable":true,"href":"https:\/\/archive.sana.sy\/tr\/index.php?rest_route=\/wp\/v2\/media\/63612"}],"wp:attachment":[{"href":"https:\/\/archive.sana.sy\/tr\/index.php?rest_route=%2Fwp%2Fv2%2Fmedia&parent=63611"}],"wp:term":[{"taxonomy":"category","embeddable":true,"href":"https:\/\/archive.sana.sy\/tr\/index.php?rest_route=%2Fwp%2Fv2%2Fcategories&post=63611"},{"taxonomy":"post_tag","embeddable":true,"href":"https:\/\/archive.sana.sy\/tr\/index.php?rest_route=%2Fwp%2Fv2%2Ftags&post=63611"}],"curies":[{"name":"wp","href":"https:\/\/api.w.org\/{rel}","templated":true}]}}