{"id":63618,"date":"2016-03-03T16:35:10","date_gmt":"2016-03-03T14:35:10","guid":{"rendered":"http:\/\/www.sana.sy\/tr\/?p=63618"},"modified":"2016-03-03T16:42:30","modified_gmt":"2016-03-03T14:42:30","slug":"elektrik-bakanliginda-yetkili-bir-kaynak-ariza-ekiplerinin-ani-arizayi-tespit-etmeleri-ardindan-elektriklerin-yurt-genelinde-asamali-bir-sekilde-yeniden-temin-edilmeye-baslandigini-belirtti","status":"publish","type":"post","link":"https:\/\/archive.sana.sy\/tr\/?p=63618","title":{"rendered":"Elektrik Bakanl\u0131\u011f\u0131nda yetkili bir kaynak ar\u0131za ekiplerinin ani ar\u0131zay\u0131 tespit etmeleri ard\u0131ndan elektriklerin yurt genelinde a\u015famal\u0131 bir \u015fekilde yeniden temin edilmeye ba\u015fland\u0131\u011f\u0131n\u0131 belirtti"},"content":{"rendered":"<p>Elektrik Bakanl\u0131\u011f\u0131nda yetkili bir kaynak ar\u0131za ekiplerinin ani ar\u0131zay\u0131 tespit etmeleri ard\u0131ndan elektriklerin yurt genelinde a\u015famal\u0131 bir \u015fekilde yeniden temin edilmeye ba\u015fland\u0131\u011f\u0131n\u0131 belirtti<\/p>\n","protected":false},"excerpt":{"rendered":"<p>Elektrik Bakanl\u0131\u011f\u0131nda yetkili bir kaynak ar\u0131za ekiplerinin ani ar\u0131zay\u0131 tespit etmeleri ard\u0131ndan elektriklerin yurt genelinde a\u015famal\u0131 bir \u015fekilde yeniden temin edilmeye ba\u015fland\u0131\u011f\u0131n\u0131 belirtti<\/p>\n","protected":false},"author":1,"featured_media":0,"comment_status":"closed","ping_status":"closed","sticky":false,"template":"","format":"standard","meta":{"footnotes":""},"categories":[17991],"tags":[],"class_list":["post-63618","post","type-post","status-publish","format-standard","","category-son-dakika"],"_links":{"self":[{"href":"https:\/\/archive.sana.sy\/tr\/index.php?rest_route=\/wp\/v2\/posts\/63618","targetHints":{"allow":["GET"]}}],"collection":[{"href":"https:\/\/archive.sana.sy\/tr\/index.php?rest_route=\/wp\/v2\/posts"}],"about":[{"href":"https:\/\/archive.sana.sy\/tr\/index.php?rest_route=\/wp\/v2\/types\/post"}],"author":[{"embeddable":true,"href":"https:\/\/archive.sana.sy\/tr\/index.php?rest_route=\/wp\/v2\/users\/1"}],"replies":[{"embeddable":true,"href":"https:\/\/archive.sana.sy\/tr\/index.php?rest_route=%2Fwp%2Fv2%2Fcomments&post=63618"}],"version-history":[{"count":0,"href":"https:\/\/archive.sana.sy\/tr\/index.php?rest_route=\/wp\/v2\/posts\/63618\/revisions"}],"wp:attachment":[{"href":"https:\/\/archive.sana.sy\/tr\/index.php?rest_route=%2Fwp%2Fv2%2Fmedia&parent=63618"}],"wp:term":[{"taxonomy":"category","embeddable":true,"href":"https:\/\/archive.sana.sy\/tr\/index.php?rest_route=%2Fwp%2Fv2%2Fcategories&post=63618"},{"taxonomy":"post_tag","embeddable":true,"href":"https:\/\/archive.sana.sy\/tr\/index.php?rest_route=%2Fwp%2Fv2%2Ftags&post=63618"}],"curies":[{"name":"wp","href":"https:\/\/api.w.org\/{rel}","templated":true}]}}