{"id":63632,"date":"2016-03-04T11:00:43","date_gmt":"2016-03-04T09:00:43","guid":{"rendered":"http:\/\/www.sana.sy\/tr\/?p=63632"},"modified":"2016-03-04T11:27:13","modified_gmt":"2016-03-04T09:27:13","slug":"hilal-uzanan-her-dost-eli-karsisinda-daha-dost-bir-el-bulacaktir","status":"publish","type":"post","link":"https:\/\/archive.sana.sy\/tr\/?p=63632","title":{"rendered":"Hilal: Uzanan Her Dost Eli Kar\u015f\u0131s\u0131nda Daha Dost Bir El Bulacakt\u0131r"},"content":{"rendered":"<p>\u015eAM \u2013 Sosyalist Arap Baas Partisi Ulusal Genel Sekreter Yard\u0131mc\u0131s\u0131 Hilal el Hilal; d\u00fcn \u201cG\u00fcneyin Bar\u0131\u015f\u0131\u201d Giri\u015fimi Heyetiyle bir araya gelerek Dera\u2019da yerel uzla\u015fma \u00e7abalar\u0131 ile ilgili s\u00fcren \u00e7al\u0131\u015fmalar\u0131n\u0131n yan\u0131 s\u0131ra g\u00fcvenlik ve istikrar\u0131n yeniden sa\u011flanmas\u0131na yard\u0131mc\u0131 olan perspektifi inceledi.<\/p>\n<p>Ulusal uzla\u015fma \u00e7al\u0131\u015fmalar\u0131n\u0131n ba\u015far\u0131lar\u0131n\u0131n b\u00fcy\u00fct\u00fclmesi i\u00e7in gerekli deste\u011fi sunmaya haz\u0131r oldu\u011funu dile getiren Hilal; g\u00fcvenlik ve istikrar\u0131n yeniden sa\u011flanmas\u0131 i\u00e7in uzat\u0131lan dost elinin, kar\u015f\u0131s\u0131nda daha dost bir el bulaca\u011f\u0131n\u0131 belirterek \u00f6vg\u00fcl\u00fc c\u00fcmlelerle heyet \u00fcyelerinin \u00e7al\u0131\u015fmalar\u0131n\u0131 takdir etti\u011fini vurgulad\u0131.<\/p>\n<p>Suriye\u2019yi hedef alan sald\u0131r\u0131lar\u0131 durduracak b\u00fct\u00fcn y\u00f6ntemlerin en ince ayr\u0131nt\u0131s\u0131na kadar incelenmesi gere\u011fine ve ulusal uzla\u015fma diyalogu \u00e7emberini geni\u015fletecek b\u00fct\u00fcn \u00e7abalar\u0131n desteklenmesi gere\u011fine dikkat \u00e7eken Hilal; kahraman ordu birliklerimizin ter\u00f6re kar\u015f\u0131 m\u00fccadelede \u00fclke topraklar\u0131n\u0131n b\u00fct\u00fcn\u00fcnde harcad\u0131klar\u0131 \u00e7abalar\u0131n ve sergiledikleri fedakarl\u0131klar\u0131n amac\u0131n\u0131n g\u00fcvenlik ve istikrar\u0131 sa\u011flayarak ter\u00f6r nedeniyle evlerini ve topraklar\u0131n\u0131 terk etmek zorunda kalan vatanda\u015flar\u0131 yeniden evlerine ve topraklar\u0131na kavu\u015fturmak oldu\u011funun alt\u0131n\u0131 \u00e7izdi.<\/p>\n<p>Bilinece\u011fi \u00fczere ge\u00e7ti\u011fimiz \u015eubat ay\u0131n\u0131n 21\u2019inde Dera\u2019da sivil toplum \u00f6rg\u00fctleri ve halk temsilcilerinden olu\u015fan yakla\u015f\u0131k bin ki\u015fi bir araya gelerek \u201cG\u00fcneyin Bar\u0131\u015f\u0131\u201d Giri\u015fimini ba\u015flat\u0131lar. Giri\u015fim ilk ilk faaliyet olarak, Suriye devletine kar\u015f\u0131 silah ta\u015f\u0131yan herkese teslim olup yeniden evine, ailesine d\u00f6nme ve onurlu bir ya\u015fama kavu\u015fma \u00e7a\u011fr\u0131s\u0131 yapt\u0131.<\/p>\n<p>F.B. &#8211; R.H.<\/p>\n","protected":false},"excerpt":{"rendered":"<p>\u015eAM \u2013 Sosyalist Arap Baas Partisi Ulusal Genel Sekreter Yard\u0131mc\u0131s\u0131 Hilal el Hilal; d\u00fcn \u201cG\u00fcneyin Bar\u0131\u015f\u0131\u201d Giri\u015fimi Heyetiyle bir araya gelerek Dera\u2019da yerel uzla\u015fma \u00e7abalar\u0131 ile ilgili s\u00fcren \u00e7al\u0131\u015fmalar\u0131n\u0131n yan\u0131 s\u0131ra g\u00fcvenlik ve istikrar\u0131n yeniden sa\u011flanmas\u0131na yard\u0131mc\u0131 olan perspektifi inceledi. Ulusal uzla\u015fma \u00e7al\u0131\u015fmalar\u0131n\u0131n ba\u015far\u0131lar\u0131n\u0131n b\u00fcy\u00fct\u00fclmesi i\u00e7in gerekli deste\u011fi sunmaya haz\u0131r oldu\u011funu dile getiren Hilal; g\u00fcvenlik &hellip;<\/p>\n","protected":false},"author":1,"featured_media":63633,"comment_status":"closed","ping_status":"closed","sticky":false,"template":"","format":"standard","meta":{"footnotes":""},"categories":[479,17988,478],"tags":[19650,19651],"class_list":["post-63632","post","type-post","status-publish","format-standard","has-post-thumbnail","","category-haberler-yerel","category-son-haberler","category-yerel","tag-hilal-uzanan-her-dost-eli-karsisinda-daha-dost-bir-el-bulacaktir","tag-sosyalist-arap-baas-partisi-ulusal-genel-sekreter-yardimcisi-hilal-el-hilal"],"_links":{"self":[{"href":"https:\/\/archive.sana.sy\/tr\/index.php?rest_route=\/wp\/v2\/posts\/63632","targetHints":{"allow":["GET"]}}],"collection":[{"href":"https:\/\/archive.sana.sy\/tr\/index.php?rest_route=\/wp\/v2\/posts"}],"about":[{"href":"https:\/\/archive.sana.sy\/tr\/index.php?rest_route=\/wp\/v2\/types\/post"}],"author":[{"embeddable":true,"href":"https:\/\/archive.sana.sy\/tr\/index.php?rest_route=\/wp\/v2\/users\/1"}],"replies":[{"embeddable":true,"href":"https:\/\/archive.sana.sy\/tr\/index.php?rest_route=%2Fwp%2Fv2%2Fcomments&post=63632"}],"version-history":[{"count":0,"href":"https:\/\/archive.sana.sy\/tr\/index.php?rest_route=\/wp\/v2\/posts\/63632\/revisions"}],"wp:featuredmedia":[{"embeddable":true,"href":"https:\/\/archive.sana.sy\/tr\/index.php?rest_route=\/wp\/v2\/media\/63633"}],"wp:attachment":[{"href":"https:\/\/archive.sana.sy\/tr\/index.php?rest_route=%2Fwp%2Fv2%2Fmedia&parent=63632"}],"wp:term":[{"taxonomy":"category","embeddable":true,"href":"https:\/\/archive.sana.sy\/tr\/index.php?rest_route=%2Fwp%2Fv2%2Fcategories&post=63632"},{"taxonomy":"post_tag","embeddable":true,"href":"https:\/\/archive.sana.sy\/tr\/index.php?rest_route=%2Fwp%2Fv2%2Ftags&post=63632"}],"curies":[{"name":"wp","href":"https:\/\/api.w.org\/{rel}","templated":true}]}}