{"id":63668,"date":"2016-03-04T17:28:09","date_gmt":"2016-03-04T15:28:09","guid":{"rendered":"http:\/\/www.sana.sy\/tr\/?p=63668"},"modified":"2016-03-04T17:28:09","modified_gmt":"2016-03-04T15:28:09","slug":"rus-bakanlik-bugun-yayinladigi-bultende-turkiyeden-suriyede-kaide-orgutunun-suriye-kolu-nusra-cephesi-ve-ahrar-el-sam-islami-hareketine-silah-ve-muhimmat-tasiyan-kamyon-konvoylarinin-gunub","status":"publish","type":"post","link":"https:\/\/archive.sana.sy\/tr\/?p=63668","title":{"rendered":"Rus bakanl\u0131k bug\u00fcn yay\u0131nlad\u0131\u011f\u0131 b\u00fcltende; T\u00fcrkiye\u2019den Suriye&#8217;de Kaide \u00d6rg\u00fct\u00fcn\u00fcn Suriye kolu Nusra Cephesi ve Ahrar el \u015eam \u0130slami Hareketine silah ve m\u00fchimmat ta\u015f\u0131yan kamyon konvoylar\u0131n\u0131n g\u00fcn\u00fcbirlik olarak girdiklerinin alt\u0131n\u0131 \u00e7izerken, Halep ve \u0130dlib illerinde \u00e7at\u0131\u015fmalar\u0131n devam etmesinin t\u00fcm sorumlulu\u011funun T\u00fcrkiye&#8217;ye d\u00fc\u015ft\u00fc\u011f\u00fcn\u00fc vurgulad\u0131"},"content":{"rendered":"<p>Rus bakanl\u0131k bug\u00fcn yay\u0131nlad\u0131\u011f\u0131 b\u00fcltende; T\u00fcrkiye\u2019den Suriye&#8217;de Kaide \u00d6rg\u00fct\u00fcn\u00fcn Suriye kolu Nusra Cephesi ve Ahrar el \u015eam \u0130slami Hareketine silah ve m\u00fchimmat ta\u015f\u0131yan kamyon konvoylar\u0131n\u0131n g\u00fcn\u00fcbirlik olarak girdiklerinin alt\u0131n\u0131 \u00e7izerken, Halep ve \u0130dlib illerinde \u00e7at\u0131\u015fmalar\u0131n devam etmesinin t\u00fcm sorumlulu\u011funun T\u00fcrkiye&#8217;ye d\u00fc\u015ft\u00fc\u011f\u00fcn\u00fc vurgulad\u0131<\/p>\n","protected":false},"excerpt":{"rendered":"<p>Rus bakanl\u0131k bug\u00fcn yay\u0131nlad\u0131\u011f\u0131 b\u00fcltende; T\u00fcrkiye\u2019den Suriye&#8217;de Kaide \u00d6rg\u00fct\u00fcn\u00fcn Suriye kolu Nusra Cephesi ve Ahrar el \u015eam \u0130slami Hareketine silah ve m\u00fchimmat ta\u015f\u0131yan kamyon konvoylar\u0131n\u0131n g\u00fcn\u00fcbirlik olarak girdiklerinin alt\u0131n\u0131 \u00e7izerken, Halep ve \u0130dlib illerinde \u00e7at\u0131\u015fmalar\u0131n devam etmesinin t\u00fcm sorumlulu\u011funun T\u00fcrkiye&#8217;ye d\u00fc\u015ft\u00fc\u011f\u00fcn\u00fc vurgulad\u0131<\/p>\n","protected":false},"author":1,"featured_media":0,"comment_status":"closed","ping_status":"closed","sticky":false,"template":"","format":"standard","meta":{"footnotes":""},"categories":[17991],"tags":[],"class_list":["post-63668","post","type-post","status-publish","format-standard","","category-son-dakika"],"_links":{"self":[{"href":"https:\/\/archive.sana.sy\/tr\/index.php?rest_route=\/wp\/v2\/posts\/63668","targetHints":{"allow":["GET"]}}],"collection":[{"href":"https:\/\/archive.sana.sy\/tr\/index.php?rest_route=\/wp\/v2\/posts"}],"about":[{"href":"https:\/\/archive.sana.sy\/tr\/index.php?rest_route=\/wp\/v2\/types\/post"}],"author":[{"embeddable":true,"href":"https:\/\/archive.sana.sy\/tr\/index.php?rest_route=\/wp\/v2\/users\/1"}],"replies":[{"embeddable":true,"href":"https:\/\/archive.sana.sy\/tr\/index.php?rest_route=%2Fwp%2Fv2%2Fcomments&post=63668"}],"version-history":[{"count":0,"href":"https:\/\/archive.sana.sy\/tr\/index.php?rest_route=\/wp\/v2\/posts\/63668\/revisions"}],"wp:attachment":[{"href":"https:\/\/archive.sana.sy\/tr\/index.php?rest_route=%2Fwp%2Fv2%2Fmedia&parent=63668"}],"wp:term":[{"taxonomy":"category","embeddable":true,"href":"https:\/\/archive.sana.sy\/tr\/index.php?rest_route=%2Fwp%2Fv2%2Fcategories&post=63668"},{"taxonomy":"post_tag","embeddable":true,"href":"https:\/\/archive.sana.sy\/tr\/index.php?rest_route=%2Fwp%2Fv2%2Ftags&post=63668"}],"curies":[{"name":"wp","href":"https:\/\/api.w.org\/{rel}","templated":true}]}}