{"id":63673,"date":"2016-03-04T17:30:44","date_gmt":"2016-03-04T15:30:44","guid":{"rendered":"http:\/\/www.sana.sy\/tr\/?p=63673"},"modified":"2016-03-05T15:18:01","modified_gmt":"2016-03-05T13:18:01","slug":"parlamento-secimleri-cozum-adimlarini-etkilemeyecek","status":"publish","type":"post","link":"https:\/\/archive.sana.sy\/tr\/?p=63673","title":{"rendered":"Parlamento Se\u00e7imleri \u00c7\u00f6z\u00fcm Ad\u0131mlar\u0131n\u0131 Etkilemeyecek"},"content":{"rendered":"<p>MOSKOVA \u2013 Rusya, \u0130ngiltere, Almanya, Fransa ve \u0130talya liderleri bug\u00fcn aralar\u0131nda ger\u00e7ekle\u015fen kapal\u0131 video ba\u011flant\u0131s\u0131nda; Suriye&#8217;de \u00e7at\u0131\u015fmalar\u0131 durdurma anla\u015fmas\u0131n\u0131n hayata ge\u00e7irilmesi ard\u0131ndan Suriye&#8217;deki son geli\u015fmeler ve Cenevre&#8217;de Suriyeliler aras\u0131ndaki diyalog g\u00f6r\u00fc\u015fmelerini yeniden ba\u015flatma olanaklar\u0131n\u0131 masaya yat\u0131rd\u0131.<\/p>\n<p>Rusya Ba\u015fkanl\u0131k Saray\u0131 Kremlin yay\u0131nlad\u0131\u011f\u0131 b\u00fcltende Rusya Ba\u015fkan\u0131 Vladimir Putin\u2019in kapal\u0131 video g\u00f6r\u00fc\u015fmesinde Fransa Ba\u015fkan\u0131 Fronsova Hollande, Almanya Ba\u015fbakan\u0131 Angela Merkel, \u0130ngiltere Ba\u015fbakan\u0131 Daved Cameron ve \u0130talya Ba\u015fbakan\u0131 Matiyo Rienzi\u2019ye I\u015e\u0130D, Nusra Cephesi ve Suriye&#8217;de bulunan di\u011fer ter\u00f6r \u00f6rg\u00fctlere kar\u015f\u0131 sava\u015f\u0131n amans\u0131z ve aral\u0131ks\u0131z bir \u015fekilde s\u00fcrd\u00fcr\u00fclmesi gere\u011fini vurgulad\u0131\u011f\u0131n\u0131 ifade etti.<\/p>\n<p>Putin ayn\u0131 zamanda Suriye h\u00fck\u00fcmetinin parlamento se\u00e7imlerini \u00f6n\u00fcm\u00fczdeki Nisan ay\u0131nda d\u00fczenleme karar\u0131n\u0131n Suriye anayasas\u0131 ve kanunlar\u0131yla tamamen uyumlu ve ba\u011flant\u0131l\u0131 oldu\u011funun alt\u0131n\u0131 \u00e7izerken, bunun Suriye&#8217;de bar\u0131\u015f\u00e7\u0131l siyasi \u00e7\u00f6z\u00fcm sa\u011flama s\u00fcrecinin ad\u0131mlar\u0131n\u0131 etkilemeyece\u011finin alt\u0131n\u0131 \u00e7izdi.<\/p>\n<p>Kremlin\u2019in b\u00fclteninde s\u00f6z konusu be\u015f devletin liderinin, Suriye&#8217;de \u00e7at\u0131\u015fmalar\u0131 durdurma anla\u015fmas\u0131n\u0131n hayata ge\u00e7irilmesinin gayet olumlu sonu\u00e7lar sa\u011flad\u0131\u011f\u0131n\u0131 ifade ettiklerine dikkat \u00e7ekti.<\/p>\n","protected":false},"excerpt":{"rendered":"<p>MOSKOVA \u2013 Rusya, \u0130ngiltere, Almanya, Fransa ve \u0130talya liderleri bug\u00fcn aralar\u0131nda ger\u00e7ekle\u015fen kapal\u0131 video ba\u011flant\u0131s\u0131nda; Suriye&#8217;de \u00e7at\u0131\u015fmalar\u0131 durdurma anla\u015fmas\u0131n\u0131n hayata ge\u00e7irilmesi ard\u0131ndan Suriye&#8217;deki son geli\u015fmeler ve Cenevre&#8217;de Suriyeliler aras\u0131ndaki diyalog g\u00f6r\u00fc\u015fmelerini yeniden ba\u015flatma olanaklar\u0131n\u0131 masaya yat\u0131rd\u0131. Rusya Ba\u015fkanl\u0131k Saray\u0131 Kremlin yay\u0131nlad\u0131\u011f\u0131 b\u00fcltende Rusya Ba\u015fkan\u0131 Vladimir Putin\u2019in kapal\u0131 video g\u00f6r\u00fc\u015fmesinde Fransa Ba\u015fkan\u0131 Fronsova Hollande, Almanya Ba\u015fbakan\u0131 &hellip;<\/p>\n","protected":false},"author":1,"featured_media":63674,"comment_status":"closed","ping_status":"closed","sticky":false,"template":"","format":"standard","meta":{"footnotes":""},"categories":[458,459,17988],"tags":[],"class_list":["post-63673","post","type-post","status-publish","format-standard","has-post-thumbnail","","category-dunya1","category-haberler-arap-uluslararasi-politika","category-son-haberler"],"_links":{"self":[{"href":"https:\/\/archive.sana.sy\/tr\/index.php?rest_route=\/wp\/v2\/posts\/63673","targetHints":{"allow":["GET"]}}],"collection":[{"href":"https:\/\/archive.sana.sy\/tr\/index.php?rest_route=\/wp\/v2\/posts"}],"about":[{"href":"https:\/\/archive.sana.sy\/tr\/index.php?rest_route=\/wp\/v2\/types\/post"}],"author":[{"embeddable":true,"href":"https:\/\/archive.sana.sy\/tr\/index.php?rest_route=\/wp\/v2\/users\/1"}],"replies":[{"embeddable":true,"href":"https:\/\/archive.sana.sy\/tr\/index.php?rest_route=%2Fwp%2Fv2%2Fcomments&post=63673"}],"version-history":[{"count":0,"href":"https:\/\/archive.sana.sy\/tr\/index.php?rest_route=\/wp\/v2\/posts\/63673\/revisions"}],"wp:featuredmedia":[{"embeddable":true,"href":"https:\/\/archive.sana.sy\/tr\/index.php?rest_route=\/wp\/v2\/media\/63674"}],"wp:attachment":[{"href":"https:\/\/archive.sana.sy\/tr\/index.php?rest_route=%2Fwp%2Fv2%2Fmedia&parent=63673"}],"wp:term":[{"taxonomy":"category","embeddable":true,"href":"https:\/\/archive.sana.sy\/tr\/index.php?rest_route=%2Fwp%2Fv2%2Fcategories&post=63673"},{"taxonomy":"post_tag","embeddable":true,"href":"https:\/\/archive.sana.sy\/tr\/index.php?rest_route=%2Fwp%2Fv2%2Ftags&post=63673"}],"curies":[{"name":"wp","href":"https:\/\/api.w.org\/{rel}","templated":true}]}}