{"id":63676,"date":"2016-03-04T17:31:17","date_gmt":"2016-03-04T15:31:17","guid":{"rendered":"http:\/\/www.sana.sy\/tr\/?p=63676"},"modified":"2016-03-05T15:17:58","modified_gmt":"2016-03-05T13:17:58","slug":"suudi-kiraliklarindan-70-kisi-olduruldu","status":"publish","type":"post","link":"https:\/\/archive.sana.sy\/tr\/?p=63676","title":{"rendered":"Suudi Kiral\u0131klar\u0131ndan 70 Ki\u015fi \u00d6ld\u00fcr\u00fcld\u00fc"},"content":{"rendered":"<p>SANA \u2013 Yemen ordusunun bug\u00fcn Yemen\u2019in Mareb \u0130linde el Mas Askeri Kamp\u0131n\u0131 hedef almas\u0131 sonucunda Suudi Arabistan rejimine tabi kiral\u0131klardan 70 ki\u015fi \u00f6ld\u00fc.<\/p>\n<p>Mareb Kentinde askeri bir kaynak Yemen\u2019in resmi ajans\u0131 SABA\u2019a yapt\u0131\u011f\u0131 a\u00e7\u0131klamada; operasyonda Suudi rejimi kiral\u0131klar\u0131na ait 11 z\u0131rhl\u0131 ara\u00e7 ve bir operasyon odas\u0131n\u0131n da imha edildi\u011fini s\u00f6yledi.<\/p>\n<p>Bu arada Suudi rejiminin sava\u015f u\u00e7aklar\u0131 Yemen\u2019in muhtelif b\u00f6lgelerinde altyap\u0131 ve hizmet kurumlar\u0131na y\u00f6nelik bombard\u0131manlar\u0131n\u0131 s\u00fcrd\u00fcrd\u00fc.<\/p>\n<p>Yemenli g\u00fcvenlik kaynaklar\u0131 Suudi sava\u015f u\u00e7aklar\u0131n\u0131n bombard\u0131manlar\u0131nda \u00e7ar\u015f\u0131 pazarlar\u0131 ve sivil b\u00f6lgeleri hedef almalar\u0131 sonucunda aralar\u0131nda \u00e7ocuk ve kad\u0131nlar\u0131n bulundu\u011fu onlarca ki\u015finin ya\u015fam\u0131n\u0131 yitirdiklerini ifade etti.<\/p>\n<p>Di\u011fer yandan Suudi rejimine tabi kiral\u0131k ter\u00f6ristler Aden Kentinde bir Ya\u015fl\u0131 Huzur Evine sald\u0131rd\u0131.<\/p>\n<p>Yemenli yetkililer FP Ajans\u0131n\u0131n aktard\u0131\u011f\u0131 a\u00e7\u0131klamalar\u0131nda ter\u00f6r sald\u0131r\u0131s\u0131nda aralar\u0131nda Hindistanl\u0131 4 hem\u015firenin bulundu\u011fu en az 16 ki\u015finin \u00f6ld\u00fc\u011f\u00fcn\u00fc belirtti.<\/p>\n","protected":false},"excerpt":{"rendered":"<p>SANA \u2013 Yemen ordusunun bug\u00fcn Yemen\u2019in Mareb \u0130linde el Mas Askeri Kamp\u0131n\u0131 hedef almas\u0131 sonucunda Suudi Arabistan rejimine tabi kiral\u0131klardan 70 ki\u015fi \u00f6ld\u00fc. Mareb Kentinde askeri bir kaynak Yemen\u2019in resmi ajans\u0131 SABA\u2019a yapt\u0131\u011f\u0131 a\u00e7\u0131klamada; operasyonda Suudi rejimi kiral\u0131klar\u0131na ait 11 z\u0131rhl\u0131 ara\u00e7 ve bir operasyon odas\u0131n\u0131n da imha edildi\u011fini s\u00f6yledi. Bu arada Suudi rejiminin sava\u015f &hellip;<\/p>\n","protected":false},"author":1,"featured_media":63677,"comment_status":"closed","ping_status":"closed","sticky":false,"template":"","format":"standard","meta":{"footnotes":""},"categories":[458,459,17988],"tags":[],"class_list":["post-63676","post","type-post","status-publish","format-standard","has-post-thumbnail","","category-dunya1","category-haberler-arap-uluslararasi-politika","category-son-haberler"],"_links":{"self":[{"href":"https:\/\/archive.sana.sy\/tr\/index.php?rest_route=\/wp\/v2\/posts\/63676","targetHints":{"allow":["GET"]}}],"collection":[{"href":"https:\/\/archive.sana.sy\/tr\/index.php?rest_route=\/wp\/v2\/posts"}],"about":[{"href":"https:\/\/archive.sana.sy\/tr\/index.php?rest_route=\/wp\/v2\/types\/post"}],"author":[{"embeddable":true,"href":"https:\/\/archive.sana.sy\/tr\/index.php?rest_route=\/wp\/v2\/users\/1"}],"replies":[{"embeddable":true,"href":"https:\/\/archive.sana.sy\/tr\/index.php?rest_route=%2Fwp%2Fv2%2Fcomments&post=63676"}],"version-history":[{"count":0,"href":"https:\/\/archive.sana.sy\/tr\/index.php?rest_route=\/wp\/v2\/posts\/63676\/revisions"}],"wp:featuredmedia":[{"embeddable":true,"href":"https:\/\/archive.sana.sy\/tr\/index.php?rest_route=\/wp\/v2\/media\/63677"}],"wp:attachment":[{"href":"https:\/\/archive.sana.sy\/tr\/index.php?rest_route=%2Fwp%2Fv2%2Fmedia&parent=63676"}],"wp:term":[{"taxonomy":"category","embeddable":true,"href":"https:\/\/archive.sana.sy\/tr\/index.php?rest_route=%2Fwp%2Fv2%2Fcategories&post=63676"},{"taxonomy":"post_tag","embeddable":true,"href":"https:\/\/archive.sana.sy\/tr\/index.php?rest_route=%2Fwp%2Fv2%2Ftags&post=63676"}],"curies":[{"name":"wp","href":"https:\/\/api.w.org\/{rel}","templated":true}]}}