{"id":63680,"date":"2016-03-04T17:00:00","date_gmt":"2016-03-04T15:00:00","guid":{"rendered":"http:\/\/www.sana.sy\/tr\/?p=63680"},"modified":"2016-03-05T15:18:58","modified_gmt":"2016-03-05T13:18:58","slug":"misirin-hizbullah-ile-iliskileri-etkilenmeyecek","status":"publish","type":"post","link":"https:\/\/archive.sana.sy\/tr\/?p=63680","title":{"rendered":"M\u0131s\u0131r\u2019\u0131n Hizbullah ile \u0130li\u015fkileri Etkilenmeyecek"},"content":{"rendered":"<p>BEYRUT \u2013 L\u00fcbnanl\u0131 el Ahbar Gazetesinin aktard\u0131\u011f\u0131 a\u00e7\u0131klamalar\u0131nda M\u0131s\u0131rl\u0131 diplomatik bir kaynak; Arap Birli\u011fi \u0130\u00e7i\u015fleri Bakanlar\u0131 Konseyinin L\u00fcbnanl\u0131 Hizbullah Partisini \u2018ter\u00f6rist \u00f6rg\u00fct\u2019 olarak nitelendiren karar\u0131ndan sonra yapt\u0131\u011f\u0131 a\u00e7\u0131klamada M\u0131s\u0131r\u2019\u0131n Hizbullah ile ili\u015fkilerini kesmeyece\u011fini belirtti.<\/p>\n<p>M\u0131s\u0131rl\u0131 diplomatik kaynak M\u0131s\u0131r\u2019\u0131n Hizbullah ile ili\u015fkilerinde hi\u00e7bir de\u011fi\u015fikli\u011fin olmayaca\u011f\u0131n\u0131 ifade ederken, b\u00fcy\u00fck Arap yazar ve ara\u015ft\u0131rmac\u0131 Muhammed Hasaneyn Heykel\u2019\u0130n vefat\u0131 ard\u0131ndan taziye i\u00e7in Kahire\u2019yi ziyaret eden Hizbullah Partisi yetkililerinin M\u0131s\u0131rl\u0131 yetkililerle bir dizi temaslarda bulunduklar\u0131na dikkat \u00e7ekti.<\/p>\n","protected":false},"excerpt":{"rendered":"<p>BEYRUT \u2013 L\u00fcbnanl\u0131 el Ahbar Gazetesinin aktard\u0131\u011f\u0131 a\u00e7\u0131klamalar\u0131nda M\u0131s\u0131rl\u0131 diplomatik bir kaynak; Arap Birli\u011fi \u0130\u00e7i\u015fleri Bakanlar\u0131 Konseyinin L\u00fcbnanl\u0131 Hizbullah Partisini \u2018ter\u00f6rist \u00f6rg\u00fct\u2019 olarak nitelendiren karar\u0131ndan sonra yapt\u0131\u011f\u0131 a\u00e7\u0131klamada M\u0131s\u0131r\u2019\u0131n Hizbullah ile ili\u015fkilerini kesmeyece\u011fini belirtti. M\u0131s\u0131rl\u0131 diplomatik kaynak M\u0131s\u0131r\u2019\u0131n Hizbullah ile ili\u015fkilerinde hi\u00e7bir de\u011fi\u015fikli\u011fin olmayaca\u011f\u0131n\u0131 ifade ederken, b\u00fcy\u00fck Arap yazar ve ara\u015ft\u0131rmac\u0131 Muhammed Hasaneyn Heykel\u2019\u0130n vefat\u0131 &hellip;<\/p>\n","protected":false},"author":1,"featured_media":63681,"comment_status":"closed","ping_status":"closed","sticky":false,"template":"","format":"standard","meta":{"footnotes":""},"categories":[458,459,17988],"tags":[],"class_list":["post-63680","post","type-post","status-publish","format-standard","has-post-thumbnail","","category-dunya1","category-haberler-arap-uluslararasi-politika","category-son-haberler"],"_links":{"self":[{"href":"https:\/\/archive.sana.sy\/tr\/index.php?rest_route=\/wp\/v2\/posts\/63680","targetHints":{"allow":["GET"]}}],"collection":[{"href":"https:\/\/archive.sana.sy\/tr\/index.php?rest_route=\/wp\/v2\/posts"}],"about":[{"href":"https:\/\/archive.sana.sy\/tr\/index.php?rest_route=\/wp\/v2\/types\/post"}],"author":[{"embeddable":true,"href":"https:\/\/archive.sana.sy\/tr\/index.php?rest_route=\/wp\/v2\/users\/1"}],"replies":[{"embeddable":true,"href":"https:\/\/archive.sana.sy\/tr\/index.php?rest_route=%2Fwp%2Fv2%2Fcomments&post=63680"}],"version-history":[{"count":0,"href":"https:\/\/archive.sana.sy\/tr\/index.php?rest_route=\/wp\/v2\/posts\/63680\/revisions"}],"wp:featuredmedia":[{"embeddable":true,"href":"https:\/\/archive.sana.sy\/tr\/index.php?rest_route=\/wp\/v2\/media\/63681"}],"wp:attachment":[{"href":"https:\/\/archive.sana.sy\/tr\/index.php?rest_route=%2Fwp%2Fv2%2Fmedia&parent=63680"}],"wp:term":[{"taxonomy":"category","embeddable":true,"href":"https:\/\/archive.sana.sy\/tr\/index.php?rest_route=%2Fwp%2Fv2%2Fcategories&post=63680"},{"taxonomy":"post_tag","embeddable":true,"href":"https:\/\/archive.sana.sy\/tr\/index.php?rest_route=%2Fwp%2Fv2%2Ftags&post=63680"}],"curies":[{"name":"wp","href":"https:\/\/api.w.org\/{rel}","templated":true}]}}