{"id":63683,"date":"2016-03-04T17:40:19","date_gmt":"2016-03-04T15:40:19","guid":{"rendered":"http:\/\/www.sana.sy\/tr\/?p=63683"},"modified":"2016-03-05T15:17:53","modified_gmt":"2016-03-05T13:17:53","slug":"lavrov-uc-surec-eszamanli-yurumelidir%e2%80%8f","status":"publish","type":"post","link":"https:\/\/archive.sana.sy\/tr\/?p=63683","title":{"rendered":"Lavrov: \u00dc\u00e7 S\u00fcre\u00e7 E\u015fzamanl\u0131 Y\u00fcr\u00fcmelidir\u200f"},"content":{"rendered":"<p>PAR\u0130S \u2013 Rusya D\u0131\u015fi\u015fleri Bakan\u0131 Sergey Lavrov; Suriye&#8217;de \u00e7at\u0131\u015fmalar\u0131 durdurma anla\u015fmas\u0131 ile Cenevre&#8217;de Suriyeliler aras\u0131nda diyalog g\u00f6r\u00fc\u015fmelerinin yeniden ba\u015flamas\u0131 s\u00fcre\u00e7lerinin e\u015f zamanl\u0131 olarak y\u00fcr\u00fct\u00fclmesi gere\u011fini vurgulad\u0131.<\/p>\n<p>Paris&#8217;te d\u00fczenlenen d\u00f6rtl\u00fc toplant\u0131 kapsam\u0131nda yapt\u0131\u011f\u0131 ve Rus Tass Ajans\u0131n\u0131n aktard\u0131\u011f\u0131 a\u00e7\u0131klamalar\u0131nda Lavrov; \u00e7at\u0131\u015fmalar\u0131n durdurulmas\u0131 i\u00e7in hi\u00e7bir \u00f6nko\u015fulun olmad\u0131\u011f\u0131n\u0131n alt\u0131n\u0131 \u00e7izdi. Lavrov Suriye&#8217;de \u00e7at\u0131\u015fmalar\u0131 durdurma, insani yard\u0131mlar\u0131n t\u00fcm b\u00f6lgelere ula\u015ft\u0131r\u0131lmas\u0131 ve Cenevre&#8217;de Suriyeliler aras\u0131nda diyalog g\u00f6r\u00fc\u015fmelerinin yeniden ba\u015flat\u0131lmas\u0131 s\u00fcre\u00e7lerinin e\u015f zamanl\u0131 olarak y\u00fcr\u00fcmeleri gerekti\u011fine dikkat \u00e7ekti.<\/p>\n<p>\u00c7at\u0131\u015fmalar\u0131 durdurma anla\u015fmas\u0131n\u0131n iki haftal\u0131k oldu\u011fu imac\u0131 vermeye \u00e7al\u0131\u015fanlar\u0131 ele\u015ftiren Lavrov; bu anla\u015fman\u0131n belirli bir zamanla s\u0131n\u0131rlanmad\u0131\u011f\u0131 gibi \u00fclke genelinde kapsaml\u0131 ve daimi olarak \u00e7at\u0131\u015fmalar\u0131 durdurma ama\u00e7l\u0131 bir ilk ad\u0131m oldu\u011funun alt\u0131n\u0131 \u00e7izdi. Lavrov \u00e7at\u0131\u015fmalar\u0131 durdurma ile ate\u015fkes aras\u0131nda kanuni bir fark\u0131n bulundu\u011funun alt\u0131n\u0131 da \u00e7izdi.<\/p>\n<p>Lavrov BM Suriye \u00f6zel temsilcisi Staffan de Mistura\u2019n\u0131n bu ay\u0131n 9\u2019unda Suriyeli ilgili taraflarla bir toplant\u0131 d\u00fczenleyece\u011fini ve diyalog g\u00f6r\u00fc\u015fmelerine yol haz\u0131rlayaca\u011f\u0131n\u0131 ifade etti.<\/p>\n","protected":false},"excerpt":{"rendered":"<p>PAR\u0130S \u2013 Rusya D\u0131\u015fi\u015fleri Bakan\u0131 Sergey Lavrov; Suriye&#8217;de \u00e7at\u0131\u015fmalar\u0131 durdurma anla\u015fmas\u0131 ile Cenevre&#8217;de Suriyeliler aras\u0131nda diyalog g\u00f6r\u00fc\u015fmelerinin yeniden ba\u015flamas\u0131 s\u00fcre\u00e7lerinin e\u015f zamanl\u0131 olarak y\u00fcr\u00fct\u00fclmesi gere\u011fini vurgulad\u0131. Paris&#8217;te d\u00fczenlenen d\u00f6rtl\u00fc toplant\u0131 kapsam\u0131nda yapt\u0131\u011f\u0131 ve Rus Tass Ajans\u0131n\u0131n aktard\u0131\u011f\u0131 a\u00e7\u0131klamalar\u0131nda Lavrov; \u00e7at\u0131\u015fmalar\u0131n durdurulmas\u0131 i\u00e7in hi\u00e7bir \u00f6nko\u015fulun olmad\u0131\u011f\u0131n\u0131n alt\u0131n\u0131 \u00e7izdi. Lavrov Suriye&#8217;de \u00e7at\u0131\u015fmalar\u0131 durdurma, insani yard\u0131mlar\u0131n t\u00fcm b\u00f6lgelere &hellip;<\/p>\n","protected":false},"author":1,"featured_media":60948,"comment_status":"closed","ping_status":"closed","sticky":false,"template":"","format":"standard","meta":{"footnotes":""},"categories":[458,459,17988],"tags":[],"class_list":["post-63683","post","type-post","status-publish","format-standard","has-post-thumbnail","","category-dunya1","category-haberler-arap-uluslararasi-politika","category-son-haberler"],"_links":{"self":[{"href":"https:\/\/archive.sana.sy\/tr\/index.php?rest_route=\/wp\/v2\/posts\/63683","targetHints":{"allow":["GET"]}}],"collection":[{"href":"https:\/\/archive.sana.sy\/tr\/index.php?rest_route=\/wp\/v2\/posts"}],"about":[{"href":"https:\/\/archive.sana.sy\/tr\/index.php?rest_route=\/wp\/v2\/types\/post"}],"author":[{"embeddable":true,"href":"https:\/\/archive.sana.sy\/tr\/index.php?rest_route=\/wp\/v2\/users\/1"}],"replies":[{"embeddable":true,"href":"https:\/\/archive.sana.sy\/tr\/index.php?rest_route=%2Fwp%2Fv2%2Fcomments&post=63683"}],"version-history":[{"count":0,"href":"https:\/\/archive.sana.sy\/tr\/index.php?rest_route=\/wp\/v2\/posts\/63683\/revisions"}],"wp:featuredmedia":[{"embeddable":true,"href":"https:\/\/archive.sana.sy\/tr\/index.php?rest_route=\/wp\/v2\/media\/60948"}],"wp:attachment":[{"href":"https:\/\/archive.sana.sy\/tr\/index.php?rest_route=%2Fwp%2Fv2%2Fmedia&parent=63683"}],"wp:term":[{"taxonomy":"category","embeddable":true,"href":"https:\/\/archive.sana.sy\/tr\/index.php?rest_route=%2Fwp%2Fv2%2Fcategories&post=63683"},{"taxonomy":"post_tag","embeddable":true,"href":"https:\/\/archive.sana.sy\/tr\/index.php?rest_route=%2Fwp%2Fv2%2Ftags&post=63683"}],"curies":[{"name":"wp","href":"https:\/\/api.w.org\/{rel}","templated":true}]}}