{"id":63686,"date":"2016-03-04T17:48:39","date_gmt":"2016-03-04T15:48:39","guid":{"rendered":"http:\/\/www.sana.sy\/tr\/?p=63686"},"modified":"2016-03-05T15:17:48","modified_gmt":"2016-03-05T13:17:48","slug":"isidin-sivillere-saldirilarinda-2-sehit-5-yarali%e2%80%8f-2","status":"publish","type":"post","link":"https:\/\/archive.sana.sy\/tr\/?p=63686","title":{"rendered":"I\u015e\u0130D&#8217;in Sivillere Sald\u0131r\u0131lar\u0131nda 2 \u015eehit 5 Yaral\u0131\u200f"},"content":{"rendered":"<p>DEYREZZOR \u2013 I\u015e\u0130D tekfircileri bug\u00fcn Deyrezzor\u2019un sivil yerle\u015fim alanlar\u0131ndan Kusur ve Cura semtlerine geli\u015fig\u00fczel f\u00fcze sald\u0131r\u0131lar\u0131n\u0131 s\u00fcrd\u00fcr\u00fcrlerken 2 vatanda\u015f \u015fehit, 5 vatanda\u015f da yaral\u0131 d\u00fc\u015ft\u00fc.<\/p>\n<p>Deyrezzor Valili\u011finde yetkili bir kaynak SANA\u2019ya a\u00e7\u0131klamas\u0131nda I\u015e\u0130D tekfircilerinin Cura ve Kusur semtlerini 6 f\u00fczeyle geli\u015fig\u00fczel olarak hedef ald\u0131klar\u0131n\u0131 belirtti. Kaynak hain sald\u0131r\u0131larda bir kad\u0131n ve bir erkek olmak \u00fczere 2 vatanda\u015f\u0131n \u015fehit, 5 vatanda\u015f\u0131n da yaral\u0131 d\u00fc\u015ft\u00fcklerini ifade etti.<\/p>\n","protected":false},"excerpt":{"rendered":"<p>DEYREZZOR \u2013 I\u015e\u0130D tekfircileri bug\u00fcn Deyrezzor\u2019un sivil yerle\u015fim alanlar\u0131ndan Kusur ve Cura semtlerine geli\u015fig\u00fczel f\u00fcze sald\u0131r\u0131lar\u0131n\u0131 s\u00fcrd\u00fcr\u00fcrlerken 2 vatanda\u015f \u015fehit, 5 vatanda\u015f da yaral\u0131 d\u00fc\u015ft\u00fc. Deyrezzor Valili\u011finde yetkili bir kaynak SANA\u2019ya a\u00e7\u0131klamas\u0131nda I\u015e\u0130D tekfircilerinin Cura ve Kusur semtlerini 6 f\u00fczeyle geli\u015fig\u00fczel olarak hedef ald\u0131klar\u0131n\u0131 belirtti. Kaynak hain sald\u0131r\u0131larda bir kad\u0131n ve bir erkek olmak \u00fczere &hellip;<\/p>\n","protected":false},"author":1,"featured_media":63687,"comment_status":"closed","ping_status":"closed","sticky":false,"template":"","format":"standard","meta":{"footnotes":""},"categories":[575,17988],"tags":[],"class_list":["post-63686","post","type-post","status-publish","format-standard","has-post-thumbnail","","category-olaylar-ve-gercekler","category-son-haberler"],"_links":{"self":[{"href":"https:\/\/archive.sana.sy\/tr\/index.php?rest_route=\/wp\/v2\/posts\/63686","targetHints":{"allow":["GET"]}}],"collection":[{"href":"https:\/\/archive.sana.sy\/tr\/index.php?rest_route=\/wp\/v2\/posts"}],"about":[{"href":"https:\/\/archive.sana.sy\/tr\/index.php?rest_route=\/wp\/v2\/types\/post"}],"author":[{"embeddable":true,"href":"https:\/\/archive.sana.sy\/tr\/index.php?rest_route=\/wp\/v2\/users\/1"}],"replies":[{"embeddable":true,"href":"https:\/\/archive.sana.sy\/tr\/index.php?rest_route=%2Fwp%2Fv2%2Fcomments&post=63686"}],"version-history":[{"count":0,"href":"https:\/\/archive.sana.sy\/tr\/index.php?rest_route=\/wp\/v2\/posts\/63686\/revisions"}],"wp:featuredmedia":[{"embeddable":true,"href":"https:\/\/archive.sana.sy\/tr\/index.php?rest_route=\/wp\/v2\/media\/63687"}],"wp:attachment":[{"href":"https:\/\/archive.sana.sy\/tr\/index.php?rest_route=%2Fwp%2Fv2%2Fmedia&parent=63686"}],"wp:term":[{"taxonomy":"category","embeddable":true,"href":"https:\/\/archive.sana.sy\/tr\/index.php?rest_route=%2Fwp%2Fv2%2Fcategories&post=63686"},{"taxonomy":"post_tag","embeddable":true,"href":"https:\/\/archive.sana.sy\/tr\/index.php?rest_route=%2Fwp%2Fv2%2Ftags&post=63686"}],"curies":[{"name":"wp","href":"https:\/\/api.w.org\/{rel}","templated":true}]}}