{"id":63690,"date":"2016-03-04T17:34:12","date_gmt":"2016-03-04T15:34:12","guid":{"rendered":"http:\/\/www.sana.sy\/tr\/?p=63690"},"modified":"2016-03-05T15:17:55","modified_gmt":"2016-03-05T13:17:55","slug":"suriyedeki-durumlar-rus-guvenlik-konseyinin-gundeminde","status":"publish","type":"post","link":"https:\/\/archive.sana.sy\/tr\/?p=63690","title":{"rendered":"Suriye&#8217;deki Durumlar Rus G\u00fcvenlik Konseyinin G\u00fcndeminde"},"content":{"rendered":"<p>MOSKOVA \u2013 Rusya Ba\u015fkan\u0131 Vladimir Putin bug\u00fcn Rusya Federasyonu Milli G\u00fcvenlik Konseyin daimi \u00fcyeleri ile Suriye&#8217;deki krize \u00e7\u00f6z\u00fcm meselesinin yan\u0131 s\u0131ra Demokratik Kore\u2019ye ili\u015fkin durum ve d\u00fcnya petrol fiyatlar\u0131n\u0131n istikrar\u0131n\u0131 hedef alan ad\u0131mlar\u0131 masaya yat\u0131rd\u0131.<\/p>\n<p>Ba\u015fkan Putin\u2019in bas\u0131n sekreteri Dimtry Peskov; oturumda Suriye&#8217;de \u00e7at\u0131\u015fmalar\u0131 durdurma anla\u015fmas\u0131n\u0131n y\u00fcr\u00fcrl\u00fc\u011f\u00fcn\u00fcn yan\u0131 s\u0131ra Demokratik Kore konusundaki gerginlik ve petrol fiyatlar\u0131n\u0131n istikrar\u0131 hedefli ad\u0131mlar konusunda g\u00f6r\u00fc\u015f al\u0131\u015fveri\u015fine odaklan\u0131ld\u0131\u011f\u0131n\u0131 a\u00e7\u0131klad\u0131.<\/p>\n","protected":false},"excerpt":{"rendered":"<p>MOSKOVA \u2013 Rusya Ba\u015fkan\u0131 Vladimir Putin bug\u00fcn Rusya Federasyonu Milli G\u00fcvenlik Konseyin daimi \u00fcyeleri ile Suriye&#8217;deki krize \u00e7\u00f6z\u00fcm meselesinin yan\u0131 s\u0131ra Demokratik Kore\u2019ye ili\u015fkin durum ve d\u00fcnya petrol fiyatlar\u0131n\u0131n istikrar\u0131n\u0131 hedef alan ad\u0131mlar\u0131 masaya yat\u0131rd\u0131. Ba\u015fkan Putin\u2019in bas\u0131n sekreteri Dimtry Peskov; oturumda Suriye&#8217;de \u00e7at\u0131\u015fmalar\u0131 durdurma anla\u015fmas\u0131n\u0131n y\u00fcr\u00fcrl\u00fc\u011f\u00fcn\u00fcn yan\u0131 s\u0131ra Demokratik Kore konusundaki gerginlik ve petrol &hellip;<\/p>\n","protected":false},"author":1,"featured_media":63692,"comment_status":"closed","ping_status":"closed","sticky":false,"template":"","format":"standard","meta":{"footnotes":""},"categories":[458,459,17988],"tags":[],"class_list":["post-63690","post","type-post","status-publish","format-standard","has-post-thumbnail","","category-dunya1","category-haberler-arap-uluslararasi-politika","category-son-haberler"],"_links":{"self":[{"href":"https:\/\/archive.sana.sy\/tr\/index.php?rest_route=\/wp\/v2\/posts\/63690","targetHints":{"allow":["GET"]}}],"collection":[{"href":"https:\/\/archive.sana.sy\/tr\/index.php?rest_route=\/wp\/v2\/posts"}],"about":[{"href":"https:\/\/archive.sana.sy\/tr\/index.php?rest_route=\/wp\/v2\/types\/post"}],"author":[{"embeddable":true,"href":"https:\/\/archive.sana.sy\/tr\/index.php?rest_route=\/wp\/v2\/users\/1"}],"replies":[{"embeddable":true,"href":"https:\/\/archive.sana.sy\/tr\/index.php?rest_route=%2Fwp%2Fv2%2Fcomments&post=63690"}],"version-history":[{"count":0,"href":"https:\/\/archive.sana.sy\/tr\/index.php?rest_route=\/wp\/v2\/posts\/63690\/revisions"}],"wp:featuredmedia":[{"embeddable":true,"href":"https:\/\/archive.sana.sy\/tr\/index.php?rest_route=\/wp\/v2\/media\/63692"}],"wp:attachment":[{"href":"https:\/\/archive.sana.sy\/tr\/index.php?rest_route=%2Fwp%2Fv2%2Fmedia&parent=63690"}],"wp:term":[{"taxonomy":"category","embeddable":true,"href":"https:\/\/archive.sana.sy\/tr\/index.php?rest_route=%2Fwp%2Fv2%2Fcategories&post=63690"},{"taxonomy":"post_tag","embeddable":true,"href":"https:\/\/archive.sana.sy\/tr\/index.php?rest_route=%2Fwp%2Fv2%2Ftags&post=63690"}],"curies":[{"name":"wp","href":"https:\/\/api.w.org\/{rel}","templated":true}]}}