{"id":63694,"date":"2016-03-04T17:20:17","date_gmt":"2016-03-04T15:20:17","guid":{"rendered":"http:\/\/www.sana.sy\/tr\/?p=63694"},"modified":"2016-03-05T15:18:55","modified_gmt":"2016-03-05T13:18:55","slug":"hizbullahi-teror-orgutu-olarak-gormuyoruz","status":"publish","type":"post","link":"https:\/\/archive.sana.sy\/tr\/?p=63694","title":{"rendered":"Hizbullah\u2019\u0131 Ter\u00f6r \u00d6rg\u00fct\u00fc Olarak G\u00f6rm\u00fcyoruz"},"content":{"rendered":"<p>TUNUS \u2013 Tunus D\u0131\u015fi\u015fleri Bakanl\u0131\u011f\u0131 L\u00fcbnanl\u0131 Hizbullah Partisini ter\u00f6rist bir \u00f6rg\u00fct olarak g\u00f6rmedi\u011fini ve \u00f6yle s\u0131n\u0131fland\u0131rmayaca\u011f\u0131n\u0131 ilan etti.<\/p>\n<p>Tunus D\u0131\u015fi\u015fleri Bakanl\u0131\u011f\u0131 yay\u0131nlad\u0131\u011f\u0131 b\u00fcltende;Arap i\u00e7i\u015fleri bakanlar\u0131n\u0131n iki g\u00fcn \u00f6nce Tunus\u2019ta d\u00fczenledikleri oturum ard\u0131ndan yay\u0131nlad\u0131klar\u0131 deklarasyonda Hizbullah\u2019\u0131 ter\u00f6rist bir \u00f6rg\u00fct olarak s\u0131n\u0131fland\u0131rmad\u0131klar\u0131n\u0131, deklarasyonun da ayr\u0131ca zorunlu olmad\u0131\u011f\u0131na dikkat \u00e7ekti.<\/p>\n<p>Hizbullah Partisinin i\u015fgalci \u0130srail\u2019e kar\u015f\u0131 m\u00fccadele ve Filistin davas\u0131na deste\u011fini \u00f6ven Tunus D\u0131\u015fi\u015fleri Bakanl\u0131\u011f\u0131; b\u00f6lge istikrar\u0131n\u0131 tehdit edecek ad\u0131mlar\u0131n tehlikesine kar\u015f\u0131 uyard\u0131.<\/p>\n","protected":false},"excerpt":{"rendered":"<p>TUNUS \u2013 Tunus D\u0131\u015fi\u015fleri Bakanl\u0131\u011f\u0131 L\u00fcbnanl\u0131 Hizbullah Partisini ter\u00f6rist bir \u00f6rg\u00fct olarak g\u00f6rmedi\u011fini ve \u00f6yle s\u0131n\u0131fland\u0131rmayaca\u011f\u0131n\u0131 ilan etti. Tunus D\u0131\u015fi\u015fleri Bakanl\u0131\u011f\u0131 yay\u0131nlad\u0131\u011f\u0131 b\u00fcltende;Arap i\u00e7i\u015fleri bakanlar\u0131n\u0131n iki g\u00fcn \u00f6nce Tunus\u2019ta d\u00fczenledikleri oturum ard\u0131ndan yay\u0131nlad\u0131klar\u0131 deklarasyonda Hizbullah\u2019\u0131 ter\u00f6rist bir \u00f6rg\u00fct olarak s\u0131n\u0131fland\u0131rmad\u0131klar\u0131n\u0131, deklarasyonun da ayr\u0131ca zorunlu olmad\u0131\u011f\u0131na dikkat \u00e7ekti. Hizbullah Partisinin i\u015fgalci \u0130srail\u2019e kar\u015f\u0131 m\u00fccadele ve Filistin &hellip;<\/p>\n","protected":false},"author":1,"featured_media":63695,"comment_status":"closed","ping_status":"closed","sticky":false,"template":"","format":"standard","meta":{"footnotes":""},"categories":[458,459,17988],"tags":[],"class_list":["post-63694","post","type-post","status-publish","format-standard","has-post-thumbnail","","category-dunya1","category-haberler-arap-uluslararasi-politika","category-son-haberler"],"_links":{"self":[{"href":"https:\/\/archive.sana.sy\/tr\/index.php?rest_route=\/wp\/v2\/posts\/63694","targetHints":{"allow":["GET"]}}],"collection":[{"href":"https:\/\/archive.sana.sy\/tr\/index.php?rest_route=\/wp\/v2\/posts"}],"about":[{"href":"https:\/\/archive.sana.sy\/tr\/index.php?rest_route=\/wp\/v2\/types\/post"}],"author":[{"embeddable":true,"href":"https:\/\/archive.sana.sy\/tr\/index.php?rest_route=\/wp\/v2\/users\/1"}],"replies":[{"embeddable":true,"href":"https:\/\/archive.sana.sy\/tr\/index.php?rest_route=%2Fwp%2Fv2%2Fcomments&post=63694"}],"version-history":[{"count":0,"href":"https:\/\/archive.sana.sy\/tr\/index.php?rest_route=\/wp\/v2\/posts\/63694\/revisions"}],"wp:featuredmedia":[{"embeddable":true,"href":"https:\/\/archive.sana.sy\/tr\/index.php?rest_route=\/wp\/v2\/media\/63695"}],"wp:attachment":[{"href":"https:\/\/archive.sana.sy\/tr\/index.php?rest_route=%2Fwp%2Fv2%2Fmedia&parent=63694"}],"wp:term":[{"taxonomy":"category","embeddable":true,"href":"https:\/\/archive.sana.sy\/tr\/index.php?rest_route=%2Fwp%2Fv2%2Fcategories&post=63694"},{"taxonomy":"post_tag","embeddable":true,"href":"https:\/\/archive.sana.sy\/tr\/index.php?rest_route=%2Fwp%2Fv2%2Ftags&post=63694"}],"curies":[{"name":"wp","href":"https:\/\/api.w.org\/{rel}","templated":true}]}}