{"id":63744,"date":"2016-03-05T10:15:14","date_gmt":"2016-03-05T08:15:14","guid":{"rendered":"http:\/\/www.sana.sy\/tr\/?p=63744"},"modified":"2016-03-07T16:11:23","modified_gmt":"2016-03-07T14:11:23","slug":"isid-mayininda-1-vatandas-sehit-oldu","status":"publish","type":"post","link":"https:\/\/archive.sana.sy\/tr\/?p=63744","title":{"rendered":"I\u015e\u0130D May\u0131n\u0131nda 1 Vatanda\u015f \u015eehit Oldu"},"content":{"rendered":"<p>HASEKE \u2013 Haseke k\u0131rsal\u0131n\u0131n g\u00fcneyinde I\u015e\u0130D tekfircilerinin ordu birliklerimiz taraf\u0131ndan defedilmeden \u00f6nce yerle\u015ftirmi\u015f olduklar\u0131 bir kara may\u0131n\u0131n\u0131n bug\u00fcn patlamas\u0131 sonucunda 1 vatanda\u015f \u015fehit d\u00fc\u015ft\u00fc.<\/p>\n<p>Haseke Emniyet M\u00fcd\u00fcrl\u00fc\u011f\u00fcnde yetkili bir kaynak SANA\u2019ya a\u00e7\u0131klamas\u0131nda; il k\u0131rsal\u0131n\u0131n g\u00fcneyinde Kerame K\u00f6y\u00fcnden Basil Baraj\u0131 y\u00f6n\u00fcnde bir motosikletle giden vatanda\u015f\u0131n ge\u00e7i\u015fi s\u0131ras\u0131nda I\u015e\u0130D tekfircilerinden kalma bir may\u0131n\u0131n patlad\u0131\u011f\u0131n\u0131 s\u00f6yledi. Kaynak \u015eeddadi kentinin do\u011fu yolu \u00fczerinde ger\u00e7ekle\u015fen patlamada vatanda\u015f\u0131n \u015fehit d\u00fc\u015ft\u00fc\u011f\u00fcn\u00fc belirtti.<\/p>\n","protected":false},"excerpt":{"rendered":"<p>HASEKE \u2013 Haseke k\u0131rsal\u0131n\u0131n g\u00fcneyinde I\u015e\u0130D tekfircilerinin ordu birliklerimiz taraf\u0131ndan defedilmeden \u00f6nce yerle\u015ftirmi\u015f olduklar\u0131 bir kara may\u0131n\u0131n\u0131n bug\u00fcn patlamas\u0131 sonucunda 1 vatanda\u015f \u015fehit d\u00fc\u015ft\u00fc. Haseke Emniyet M\u00fcd\u00fcrl\u00fc\u011f\u00fcnde yetkili bir kaynak SANA\u2019ya a\u00e7\u0131klamas\u0131nda; il k\u0131rsal\u0131n\u0131n g\u00fcneyinde Kerame K\u00f6y\u00fcnden Basil Baraj\u0131 y\u00f6n\u00fcnde bir motosikletle giden vatanda\u015f\u0131n ge\u00e7i\u015fi s\u0131ras\u0131nda I\u015e\u0130D tekfircilerinden kalma bir may\u0131n\u0131n patlad\u0131\u011f\u0131n\u0131 s\u00f6yledi. Kaynak \u015eeddadi &hellip;<\/p>\n","protected":false},"author":1,"featured_media":63745,"comment_status":"closed","ping_status":"closed","sticky":false,"template":"","format":"standard","meta":{"footnotes":""},"categories":[575,17988],"tags":[],"class_list":["post-63744","post","type-post","status-publish","format-standard","has-post-thumbnail","","category-olaylar-ve-gercekler","category-son-haberler"],"_links":{"self":[{"href":"https:\/\/archive.sana.sy\/tr\/index.php?rest_route=\/wp\/v2\/posts\/63744","targetHints":{"allow":["GET"]}}],"collection":[{"href":"https:\/\/archive.sana.sy\/tr\/index.php?rest_route=\/wp\/v2\/posts"}],"about":[{"href":"https:\/\/archive.sana.sy\/tr\/index.php?rest_route=\/wp\/v2\/types\/post"}],"author":[{"embeddable":true,"href":"https:\/\/archive.sana.sy\/tr\/index.php?rest_route=\/wp\/v2\/users\/1"}],"replies":[{"embeddable":true,"href":"https:\/\/archive.sana.sy\/tr\/index.php?rest_route=%2Fwp%2Fv2%2Fcomments&post=63744"}],"version-history":[{"count":0,"href":"https:\/\/archive.sana.sy\/tr\/index.php?rest_route=\/wp\/v2\/posts\/63744\/revisions"}],"wp:featuredmedia":[{"embeddable":true,"href":"https:\/\/archive.sana.sy\/tr\/index.php?rest_route=\/wp\/v2\/media\/63745"}],"wp:attachment":[{"href":"https:\/\/archive.sana.sy\/tr\/index.php?rest_route=%2Fwp%2Fv2%2Fmedia&parent=63744"}],"wp:term":[{"taxonomy":"category","embeddable":true,"href":"https:\/\/archive.sana.sy\/tr\/index.php?rest_route=%2Fwp%2Fv2%2Fcategories&post=63744"},{"taxonomy":"post_tag","embeddable":true,"href":"https:\/\/archive.sana.sy\/tr\/index.php?rest_route=%2Fwp%2Fv2%2Ftags&post=63744"}],"curies":[{"name":"wp","href":"https:\/\/api.w.org\/{rel}","templated":true}]}}