{"id":63810,"date":"2016-03-06T15:57:37","date_gmt":"2016-03-06T13:57:37","guid":{"rendered":"http:\/\/www.sana.sy\/tr\/?p=63810"},"modified":"2016-03-07T16:07:48","modified_gmt":"2016-03-07T14:07:48","slug":"aday-listesi-yarin-ilan-ediliyor","status":"publish","type":"post","link":"https:\/\/archive.sana.sy\/tr\/?p=63810","title":{"rendered":"Aday Listesi Yar\u0131n \u0130lan Ediliyor"},"content":{"rendered":"<p>\u0130LLER \u2013 Suriye anayasas\u0131 ve kanunlar\u0131 gere\u011fince 13 Nisan\u2019da yap\u0131lacak Halk Meclisi se\u00e7imlerine adayl\u0131k ba\u015fvuru taleplerini inceleyen uzman komiteler \u00e7al\u0131\u015fmalar\u0131n\u0131 t\u00fcm illerde yo\u011fun bir \u015fekilde s\u00fcrd\u00fcr\u00fcyor.<\/p>\n<p>Se\u00e7im Y\u00fcksek Yarg\u0131 Komisyonu Ba\u015fkan\u0131 Hi\u015fam el \u015eear SANA\u2019ya yapt\u0131\u011f\u0131 a\u00e7\u0131klamada; komitelerin belirlenen yasal tarih gere\u011fince yar\u0131n Pazartesi g\u00fcn\u00fc adayl\u0131k ba\u015fvurular\u0131 kabul edilenlerin listesini a\u00e7\u0131klayaca\u011f\u0131n\u0131 ifade etti.<\/p>\n<p>Bu arada 13 Nisanda yap\u0131lacak Halk Meclisi se\u00e7imlerinde yar\u0131\u015fmak \u00fczere 11341 adayl\u0131k ba\u015fvurusu yap\u0131lm\u0131\u015ft\u0131. Anayasa gere\u011fince adayl\u0131k ba\u015fvuru listesinin a\u00e7\u0131klanmas\u0131yla dilek\u00e7eleri kabul edilemeyen ki\u015filer, listelerin ilan\u0131ndan sonra 3 g\u00fcn i\u00e7inde komitenin karar\u0131na itiraz etme hakk\u0131na sahiptir.<\/p>\n","protected":false},"excerpt":{"rendered":"<p>\u0130LLER \u2013 Suriye anayasas\u0131 ve kanunlar\u0131 gere\u011fince 13 Nisan\u2019da yap\u0131lacak Halk Meclisi se\u00e7imlerine adayl\u0131k ba\u015fvuru taleplerini inceleyen uzman komiteler \u00e7al\u0131\u015fmalar\u0131n\u0131 t\u00fcm illerde yo\u011fun bir \u015fekilde s\u00fcrd\u00fcr\u00fcyor. Se\u00e7im Y\u00fcksek Yarg\u0131 Komisyonu Ba\u015fkan\u0131 Hi\u015fam el \u015eear SANA\u2019ya yapt\u0131\u011f\u0131 a\u00e7\u0131klamada; komitelerin belirlenen yasal tarih gere\u011fince yar\u0131n Pazartesi g\u00fcn\u00fc adayl\u0131k ba\u015fvurular\u0131 kabul edilenlerin listesini a\u00e7\u0131klayaca\u011f\u0131n\u0131 ifade etti. Bu arada &hellip;<\/p>\n","protected":false},"author":1,"featured_media":63811,"comment_status":"closed","ping_status":"closed","sticky":false,"template":"","format":"standard","meta":{"footnotes":""},"categories":[479,17988,478],"tags":[19687,16838,19688,19548],"class_list":["post-63810","post","type-post","status-publish","format-standard","has-post-thumbnail","","category-haberler-yerel","category-son-haberler","category-yerel","tag-aday-listesi-yarin-ilan-ediliyor","tag-halk-meclisi","tag-milletvekili-adaylari","tag-parlamento-secimleri"],"_links":{"self":[{"href":"https:\/\/archive.sana.sy\/tr\/index.php?rest_route=\/wp\/v2\/posts\/63810","targetHints":{"allow":["GET"]}}],"collection":[{"href":"https:\/\/archive.sana.sy\/tr\/index.php?rest_route=\/wp\/v2\/posts"}],"about":[{"href":"https:\/\/archive.sana.sy\/tr\/index.php?rest_route=\/wp\/v2\/types\/post"}],"author":[{"embeddable":true,"href":"https:\/\/archive.sana.sy\/tr\/index.php?rest_route=\/wp\/v2\/users\/1"}],"replies":[{"embeddable":true,"href":"https:\/\/archive.sana.sy\/tr\/index.php?rest_route=%2Fwp%2Fv2%2Fcomments&post=63810"}],"version-history":[{"count":0,"href":"https:\/\/archive.sana.sy\/tr\/index.php?rest_route=\/wp\/v2\/posts\/63810\/revisions"}],"wp:featuredmedia":[{"embeddable":true,"href":"https:\/\/archive.sana.sy\/tr\/index.php?rest_route=\/wp\/v2\/media\/63811"}],"wp:attachment":[{"href":"https:\/\/archive.sana.sy\/tr\/index.php?rest_route=%2Fwp%2Fv2%2Fmedia&parent=63810"}],"wp:term":[{"taxonomy":"category","embeddable":true,"href":"https:\/\/archive.sana.sy\/tr\/index.php?rest_route=%2Fwp%2Fv2%2Fcategories&post=63810"},{"taxonomy":"post_tag","embeddable":true,"href":"https:\/\/archive.sana.sy\/tr\/index.php?rest_route=%2Fwp%2Fv2%2Ftags&post=63810"}],"curies":[{"name":"wp","href":"https:\/\/api.w.org\/{rel}","templated":true}]}}