{"id":63821,"date":"2016-03-06T14:47:46","date_gmt":"2016-03-06T12:47:46","guid":{"rendered":"http:\/\/www.sana.sy\/tr\/?p=63821"},"modified":"2016-03-07T16:08:31","modified_gmt":"2016-03-07T14:08:31","slug":"suriyenin-egemenligi-ve-toprak-butunlugu-korunmalidir-2","status":"publish","type":"post","link":"https:\/\/archive.sana.sy\/tr\/?p=63821","title":{"rendered":"Suriye\u2019nin Egemenli\u011fi ve Toprak B\u00fct\u00fcnl\u00fc\u011f\u00fc Korunmal\u0131d\u0131r"},"content":{"rendered":"<p>TAHRAN \u2013 \u0130ran Cumhurba\u015fkan\u0131 Hasan Ruhani Tahran\u2019da d\u00fczenledi\u011fi bas\u0131n toplant\u0131s\u0131nda Suriye&#8217;nin toprak ve halk b\u00fct\u00fcnl\u00fc\u011f\u00fcn\u00fcn yan\u0131 s\u0131ra egemenlik ve ba\u011f\u0131ms\u0131zl\u0131\u011f\u0131n\u0131n korunmas\u0131 gere\u011finin alt\u0131n\u0131 \u00e7izdi.<\/p>\n<p>Ruhani Suriye&#8217;nin gelece\u011fi ve y\u00f6netiminin herhangi bir d\u0131\u015f m\u00fcdahale olmaks\u0131z\u0131n bizzat Suriye halk\u0131 taraf\u0131ndan kararla\u015ft\u0131r\u0131l\u0131p belirlenmesi \u00f6nemine vurgu yapt\u0131.<\/p>\n","protected":false},"excerpt":{"rendered":"<p>TAHRAN \u2013 \u0130ran Cumhurba\u015fkan\u0131 Hasan Ruhani Tahran\u2019da d\u00fczenledi\u011fi bas\u0131n toplant\u0131s\u0131nda Suriye&#8217;nin toprak ve halk b\u00fct\u00fcnl\u00fc\u011f\u00fcn\u00fcn yan\u0131 s\u0131ra egemenlik ve ba\u011f\u0131ms\u0131zl\u0131\u011f\u0131n\u0131n korunmas\u0131 gere\u011finin alt\u0131n\u0131 \u00e7izdi. Ruhani Suriye&#8217;nin gelece\u011fi ve y\u00f6netiminin herhangi bir d\u0131\u015f m\u00fcdahale olmaks\u0131z\u0131n bizzat Suriye halk\u0131 taraf\u0131ndan kararla\u015ft\u0131r\u0131l\u0131p belirlenmesi \u00f6nemine vurgu yapt\u0131.<\/p>\n","protected":false},"author":1,"featured_media":40674,"comment_status":"closed","ping_status":"closed","sticky":false,"template":"","format":"standard","meta":{"footnotes":""},"categories":[458,459,17988],"tags":[18619,18873,19694],"class_list":["post-63821","post","type-post","status-publish","format-standard","has-post-thumbnail","","category-dunya1","category-haberler-arap-uluslararasi-politika","category-son-haberler","tag-hasan-ruhani","tag-iran-baskani","tag-suriyenin-egemenligi-ve-toprak-butunlugu-korunmalidir"],"_links":{"self":[{"href":"https:\/\/archive.sana.sy\/tr\/index.php?rest_route=\/wp\/v2\/posts\/63821","targetHints":{"allow":["GET"]}}],"collection":[{"href":"https:\/\/archive.sana.sy\/tr\/index.php?rest_route=\/wp\/v2\/posts"}],"about":[{"href":"https:\/\/archive.sana.sy\/tr\/index.php?rest_route=\/wp\/v2\/types\/post"}],"author":[{"embeddable":true,"href":"https:\/\/archive.sana.sy\/tr\/index.php?rest_route=\/wp\/v2\/users\/1"}],"replies":[{"embeddable":true,"href":"https:\/\/archive.sana.sy\/tr\/index.php?rest_route=%2Fwp%2Fv2%2Fcomments&post=63821"}],"version-history":[{"count":0,"href":"https:\/\/archive.sana.sy\/tr\/index.php?rest_route=\/wp\/v2\/posts\/63821\/revisions"}],"wp:featuredmedia":[{"embeddable":true,"href":"https:\/\/archive.sana.sy\/tr\/index.php?rest_route=\/wp\/v2\/media\/40674"}],"wp:attachment":[{"href":"https:\/\/archive.sana.sy\/tr\/index.php?rest_route=%2Fwp%2Fv2%2Fmedia&parent=63821"}],"wp:term":[{"taxonomy":"category","embeddable":true,"href":"https:\/\/archive.sana.sy\/tr\/index.php?rest_route=%2Fwp%2Fv2%2Fcategories&post=63821"},{"taxonomy":"post_tag","embeddable":true,"href":"https:\/\/archive.sana.sy\/tr\/index.php?rest_route=%2Fwp%2Fv2%2Ftags&post=63821"}],"curies":[{"name":"wp","href":"https:\/\/api.w.org\/{rel}","templated":true}]}}