{"id":63826,"date":"2016-03-06T16:56:46","date_gmt":"2016-03-06T14:56:46","guid":{"rendered":"http:\/\/www.sana.sy\/tr\/?p=63826"},"modified":"2016-03-07T16:07:36","modified_gmt":"2016-03-07T14:07:36","slug":"mutabakat-zapti-taslagi-gonderdik","status":"publish","type":"post","link":"https:\/\/archive.sana.sy\/tr\/?p=63826","title":{"rendered":"Mutabakat Zapt\u0131 Tasla\u011f\u0131 G\u00f6nderdik"},"content":{"rendered":"<p>\u015eAM \u2013 Sanayi Bakan\u0131 Kemalettin Touma bug\u00fcn G\u00fcney Afrika&#8217;n\u0131n \u015eam B\u00fcy\u00fckel\u00e7isi Sean Benfeldt ile iki \u00fclke aras\u0131nda sanayi alan\u0131nda i\u015fbirli\u011fini msaya yat\u0131r\u0131rken, G\u00fcney Afrika\u2019l\u0131 \u015firketlerin Suriye&#8217;de yeniden imar s\u00fcrecine katk\u0131da bulunma olanaklar\u0131n\u0131 ele ald\u0131.<\/p>\n<p>Suriye&#8217;de d\u0131\u015f destekli ter\u00f6ristlerin sanayi sekt\u00f6r\u00fcne verdi\u011fi zarara \u0131\u015f\u0131k tutan Bakan Touma; sanayi sekt\u00f6r\u00fc \u00e7ark\u0131n\u0131n yeniden d\u00f6nmesi ve h\u0131zlanmas\u0131nda G\u00fcney Afrikal\u0131 \u015firketlerin deneyim ve teknolojisinden faydalanma yollar\u0131n\u0131 inceledi.<\/p>\n<p>Bakan Touma bakanl\u0131\u011f\u0131n G\u00fcney Afrikal\u0131 \u015firketlerin Suriye\u2019de bulunabilecekleri \u00e7al\u0131\u015fmalar ve iki dost \u00fclke aras\u0131ndaki i\u015fbirli\u011fi olanaklar\u0131 konusunda bir mutabakat zapt\u0131 tasla\u011f\u0131 haz\u0131rlay\u0131p G\u00fcney Afrika h\u00fck\u00fcmetine g\u00f6nderdi\u011fini ifade etti.<\/p>\n<p>G\u00fcney Afrika B\u00fcy\u00fckel\u00e7isi Benfeldt \u00fclkesinin s\u00f6z konusu anla\u015fma tasla\u011f\u0131n\u0131 incelemekte oldu\u011funu ve ortak projelerin fizibilite raporlar\u0131n\u0131 haz\u0131rlama \u00e7al\u0131\u015fmalar\u0131nda bulundu\u011funa dikkat \u00e7ekti. Benfeldt B\u00fcy\u00fckel\u00e7ili\u011fin yak\u0131n s\u00fcre i\u00e7inde \u015eam\u2019da bir panel d\u00fczenleyip G\u00fcney Afrikal\u0131 \u015firketlerin olanak ve uzmanl\u0131klar\u0131na \u0131\u015f\u0131k tutaca\u011f\u0131n\u0131 s\u00f6yledi.<\/p>\n","protected":false},"excerpt":{"rendered":"<p>\u015eAM \u2013 Sanayi Bakan\u0131 Kemalettin Touma bug\u00fcn G\u00fcney Afrika&#8217;n\u0131n \u015eam B\u00fcy\u00fckel\u00e7isi Sean Benfeldt ile iki \u00fclke aras\u0131nda sanayi alan\u0131nda i\u015fbirli\u011fini msaya yat\u0131r\u0131rken, G\u00fcney Afrika\u2019l\u0131 \u015firketlerin Suriye&#8217;de yeniden imar s\u00fcrecine katk\u0131da bulunma olanaklar\u0131n\u0131 ele ald\u0131. Suriye&#8217;de d\u0131\u015f destekli ter\u00f6ristlerin sanayi sekt\u00f6r\u00fcne verdi\u011fi zarara \u0131\u015f\u0131k tutan Bakan Touma; sanayi sekt\u00f6r\u00fc \u00e7ark\u0131n\u0131n yeniden d\u00f6nmesi ve h\u0131zlanmas\u0131nda G\u00fcney Afrikal\u0131 &hellip;<\/p>\n","protected":false},"author":1,"featured_media":63814,"comment_status":"closed","ping_status":"closed","sticky":false,"template":"","format":"standard","meta":{"footnotes":""},"categories":[485,486,17988],"tags":[19690,19696,19695,19693,8176,19697],"class_list":["post-63826","post","type-post","status-publish","format-standard","has-post-thumbnail","","category-is-ve-sermaye","category-haberler-is-ve-sermaye","category-son-haberler","tag-guney-afrika","tag-kemalettin-touma","tag-mutabakat-zapti-taslagi-gonderdik","tag-sam-buyukelcisi","tag-sanayi-bakani","tag-sean-benfeldt"],"_links":{"self":[{"href":"https:\/\/archive.sana.sy\/tr\/index.php?rest_route=\/wp\/v2\/posts\/63826","targetHints":{"allow":["GET"]}}],"collection":[{"href":"https:\/\/archive.sana.sy\/tr\/index.php?rest_route=\/wp\/v2\/posts"}],"about":[{"href":"https:\/\/archive.sana.sy\/tr\/index.php?rest_route=\/wp\/v2\/types\/post"}],"author":[{"embeddable":true,"href":"https:\/\/archive.sana.sy\/tr\/index.php?rest_route=\/wp\/v2\/users\/1"}],"replies":[{"embeddable":true,"href":"https:\/\/archive.sana.sy\/tr\/index.php?rest_route=%2Fwp%2Fv2%2Fcomments&post=63826"}],"version-history":[{"count":0,"href":"https:\/\/archive.sana.sy\/tr\/index.php?rest_route=\/wp\/v2\/posts\/63826\/revisions"}],"wp:featuredmedia":[{"embeddable":true,"href":"https:\/\/archive.sana.sy\/tr\/index.php?rest_route=\/wp\/v2\/media\/63814"}],"wp:attachment":[{"href":"https:\/\/archive.sana.sy\/tr\/index.php?rest_route=%2Fwp%2Fv2%2Fmedia&parent=63826"}],"wp:term":[{"taxonomy":"category","embeddable":true,"href":"https:\/\/archive.sana.sy\/tr\/index.php?rest_route=%2Fwp%2Fv2%2Fcategories&post=63826"},{"taxonomy":"post_tag","embeddable":true,"href":"https:\/\/archive.sana.sy\/tr\/index.php?rest_route=%2Fwp%2Fv2%2Ftags&post=63826"}],"curies":[{"name":"wp","href":"https:\/\/api.w.org\/{rel}","templated":true}]}}