{"id":63827,"date":"2016-03-06T12:55:49","date_gmt":"2016-03-06T10:55:49","guid":{"rendered":"http:\/\/www.sana.sy\/tr\/?p=63827"},"modified":"2016-03-07T13:40:10","modified_gmt":"2016-03-07T11:40:10","slug":"han-el-harir-fuari-basladi","status":"publish","type":"post","link":"https:\/\/archive.sana.sy\/tr\/?p=63827","title":{"rendered":"Han el Harir Fuar\u0131 Ba\u015flad\u0131(video)"},"content":{"rendered":"<p>\u015eAM \u2013 Giyim ve manifaturada uzman Han el Harir Fuar\u0131 bug\u00fcn \u015eam\u2019daki Dama Rose Otelinde faaliyetlerine ba\u015flad\u0131.<\/p>\n<p>Halep Sanayi Odas\u0131n\u0131n d\u00fczenledi\u011fi fuara moda, kuma\u015f ve giyim sekt\u00f6r\u00fcnde uzman 70 \u015firket kat\u0131l\u0131yor. Fuar etkinlikleri 3 g\u00fcn s\u00fcrecek.<\/p>\n<p>https:\/\/www.youtube.com\/watch?v=Qg9zpKWTZ24<\/p>\n<p>R.H.<\/p>\n","protected":false},"excerpt":{"rendered":"<p>\u015eAM \u2013 Giyim ve manifaturada uzman Han el Harir Fuar\u0131 bug\u00fcn \u015eam\u2019daki Dama Rose Otelinde faaliyetlerine ba\u015flad\u0131. Halep Sanayi Odas\u0131n\u0131n d\u00fczenledi\u011fi fuara moda, kuma\u015f ve giyim sekt\u00f6r\u00fcnde uzman 70 \u015firket kat\u0131l\u0131yor. Fuar etkinlikleri 3 g\u00fcn s\u00fcrecek. https:\/\/www.youtube.com\/watch?v=Qg9zpKWTZ24 R.H.<\/p>\n","protected":false},"author":1,"featured_media":63892,"comment_status":"closed","ping_status":"closed","sticky":false,"template":"","format":"standard","meta":{"footnotes":""},"categories":[485,486,17988],"tags":[16644,19699,19698,19700,19701],"class_list":["post-63827","post","type-post","status-publish","format-standard","has-post-thumbnail","","category-is-ve-sermaye","category-haberler-is-ve-sermaye","category-son-haberler","tag-dama-rose-oteli","tag-giyim-fuari","tag-han-el-harir-fuari-basladi","tag-kumas","tag-moda"],"_links":{"self":[{"href":"https:\/\/archive.sana.sy\/tr\/index.php?rest_route=\/wp\/v2\/posts\/63827","targetHints":{"allow":["GET"]}}],"collection":[{"href":"https:\/\/archive.sana.sy\/tr\/index.php?rest_route=\/wp\/v2\/posts"}],"about":[{"href":"https:\/\/archive.sana.sy\/tr\/index.php?rest_route=\/wp\/v2\/types\/post"}],"author":[{"embeddable":true,"href":"https:\/\/archive.sana.sy\/tr\/index.php?rest_route=\/wp\/v2\/users\/1"}],"replies":[{"embeddable":true,"href":"https:\/\/archive.sana.sy\/tr\/index.php?rest_route=%2Fwp%2Fv2%2Fcomments&post=63827"}],"version-history":[{"count":0,"href":"https:\/\/archive.sana.sy\/tr\/index.php?rest_route=\/wp\/v2\/posts\/63827\/revisions"}],"wp:featuredmedia":[{"embeddable":true,"href":"https:\/\/archive.sana.sy\/tr\/index.php?rest_route=\/wp\/v2\/media\/63892"}],"wp:attachment":[{"href":"https:\/\/archive.sana.sy\/tr\/index.php?rest_route=%2Fwp%2Fv2%2Fmedia&parent=63827"}],"wp:term":[{"taxonomy":"category","embeddable":true,"href":"https:\/\/archive.sana.sy\/tr\/index.php?rest_route=%2Fwp%2Fv2%2Fcategories&post=63827"},{"taxonomy":"post_tag","embeddable":true,"href":"https:\/\/archive.sana.sy\/tr\/index.php?rest_route=%2Fwp%2Fv2%2Ftags&post=63827"}],"curies":[{"name":"wp","href":"https:\/\/api.w.org\/{rel}","templated":true}]}}