{"id":63895,"date":"2016-03-07T08:20:37","date_gmt":"2016-03-07T06:20:37","guid":{"rendered":"http:\/\/www.sana.sy\/tr\/?p=63895"},"modified":"2016-03-07T14:22:12","modified_gmt":"2016-03-07T12:22:12","slug":"suudi-ofkesinin-sebebi-budur","status":"publish","type":"post","link":"https:\/\/archive.sana.sy\/tr\/?p=63895","title":{"rendered":"Suudi \u00d6fkesinin Sebebi Budur"},"content":{"rendered":"<p>BEYRUT \u2013 L\u00fcbnan&#8217;da Hizbullah Partisi Genel Sekreteri Hasan Nasrullah K\u00f6rfez \u0130\u015fbirli\u011fi Meclisinin Hizbullah Partisine kar\u015f\u0131 ald\u0131klara karara y\u00f6nelik resmi ve gayr\u0131 resmi tepkilerin, \u0130srail\u2019e \u00f6nemli bir mesaj ta\u015f\u0131d\u0131\u011f\u0131na dikkat \u00e7ekti.<\/p>\n<p>Nasrullah d\u00fcn yapt\u0131\u011f\u0131 konu\u015fmada; uluslar aras\u0131 d\u00fczeyde s\u00f6z konusu karara kar\u015f\u0131 tepkinin; \u0130srail varl\u0131\u011f\u0131n\u0131n hi\u00e7bir zaman normal olmayaca\u011f\u0131n\u0131, her daim ter\u00f6r ve d\u00fc\u015fman\u0131 temsil edece\u011fi mesaj\u0131n\u0131 verdi\u011fini ifade etti.<\/p>\n<p>Suudi Arabistan\u2019\u0131n g\u00fcn\u00fcm\u00fczde ya\u015fad\u0131\u011f\u0131 kin ve \u00f6fkeye de dikkat \u00e7eken Nasrullah; bu \u00f6fkenin sebebinin Suudi Arabistan\u2019\u0131n Suriye, Yemen ve Bahreyn\u2019de u\u011frad\u0131\u011f\u0131 a\u011f\u0131r hezimet oldu\u011funu s\u00f6yledi.<\/p>\n<p>Kimi rejimlerin her daim sandalyelerini korumak i\u00e7in \u0130srail hesab\u0131na ve \u00e7\u0131karlar\u0131na hizmet eden planlarda g\u00f6rev ald\u0131klar\u0131na dikkat \u00e7eken Nasrullah; dolay\u0131s\u0131yla k\u00f6rfez devletlerinin \u0130srail&#8217;in en b\u00fcy\u00fck d\u00fc\u015fman\u0131 ve korkulu r\u00fcyas\u0131 Hizbullah Partisini ter\u00f6rist bir \u00f6rg\u00fct olarak nitelendirmelerinin garipsenmedi\u011fini ifade etti.<\/p>\n<p>Nasrullah Suriye&#8217;de ter\u00f6re kar\u015f\u0131 m\u00fccadele etmenin birinci dereceden L\u00fcbnan&#8217;\u0131 savunma amac\u0131 ta\u015f\u0131d\u0131\u011f\u0131na dikkat \u00e7ekerken; Suriye&#8217;nin I\u015e\u0130D, Nusra Cephesi ve daha ba\u015fka isimler alt\u0131nda faaliyet g\u00f6steren ter\u00f6r \u00f6rg\u00fctleri kar\u015f\u0131s\u0131nda yenilmesi halinde L\u00fcbnan ve halk\u0131n\u0131n durumunun ne olaca\u011f\u0131 sorusuna dikkat \u00e7ekti.<\/p>\n<p>Hizbullah Genel Sekreteri Nasrullah; \u0130srail i\u015fgali alt\u0131ndaki topraklar\u0131n kurtar\u0131lmas\u0131nda her zaman direni\u015f se\u00e7ene\u011fini tercih ettiklerini ve bu se\u00e7ene\u011fi de\u011fi\u015ftirmeyeceklerini vurgulad\u0131.<\/p>\n","protected":false},"excerpt":{"rendered":"<p>BEYRUT \u2013 L\u00fcbnan&#8217;da Hizbullah Partisi Genel Sekreteri Hasan Nasrullah K\u00f6rfez \u0130\u015fbirli\u011fi Meclisinin Hizbullah Partisine kar\u015f\u0131 ald\u0131klara karara y\u00f6nelik resmi ve gayr\u0131 resmi tepkilerin, \u0130srail\u2019e \u00f6nemli bir mesaj ta\u015f\u0131d\u0131\u011f\u0131na dikkat \u00e7ekti. Nasrullah d\u00fcn yapt\u0131\u011f\u0131 konu\u015fmada; uluslar aras\u0131 d\u00fczeyde s\u00f6z konusu karara kar\u015f\u0131 tepkinin; \u0130srail varl\u0131\u011f\u0131n\u0131n hi\u00e7bir zaman normal olmayaca\u011f\u0131n\u0131, her daim ter\u00f6r ve d\u00fc\u015fman\u0131 temsil edece\u011fi &hellip;<\/p>\n","protected":false},"author":1,"featured_media":63896,"comment_status":"closed","ping_status":"closed","sticky":false,"template":"","format":"standard","meta":{"footnotes":""},"categories":[458,459,17988],"tags":[19720,19722,19723,19721],"class_list":["post-63895","post","type-post","status-publish","format-standard","has-post-thumbnail","","category-dunya1","category-haberler-arap-uluslararasi-politika","category-son-haberler","tag-hasan-nasrulah","tag-hizbullah","tag-hizbullah-partisi","tag-nasrallah"],"_links":{"self":[{"href":"https:\/\/archive.sana.sy\/tr\/index.php?rest_route=\/wp\/v2\/posts\/63895","targetHints":{"allow":["GET"]}}],"collection":[{"href":"https:\/\/archive.sana.sy\/tr\/index.php?rest_route=\/wp\/v2\/posts"}],"about":[{"href":"https:\/\/archive.sana.sy\/tr\/index.php?rest_route=\/wp\/v2\/types\/post"}],"author":[{"embeddable":true,"href":"https:\/\/archive.sana.sy\/tr\/index.php?rest_route=\/wp\/v2\/users\/1"}],"replies":[{"embeddable":true,"href":"https:\/\/archive.sana.sy\/tr\/index.php?rest_route=%2Fwp%2Fv2%2Fcomments&post=63895"}],"version-history":[{"count":0,"href":"https:\/\/archive.sana.sy\/tr\/index.php?rest_route=\/wp\/v2\/posts\/63895\/revisions"}],"wp:featuredmedia":[{"embeddable":true,"href":"https:\/\/archive.sana.sy\/tr\/index.php?rest_route=\/wp\/v2\/media\/63896"}],"wp:attachment":[{"href":"https:\/\/archive.sana.sy\/tr\/index.php?rest_route=%2Fwp%2Fv2%2Fmedia&parent=63895"}],"wp:term":[{"taxonomy":"category","embeddable":true,"href":"https:\/\/archive.sana.sy\/tr\/index.php?rest_route=%2Fwp%2Fv2%2Fcategories&post=63895"},{"taxonomy":"post_tag","embeddable":true,"href":"https:\/\/archive.sana.sy\/tr\/index.php?rest_route=%2Fwp%2Fv2%2Ftags&post=63895"}],"curies":[{"name":"wp","href":"https:\/\/api.w.org\/{rel}","templated":true}]}}