{"id":6390,"date":"2014-08-03T14:05:08","date_gmt":"2014-08-03T11:05:08","guid":{"rendered":"http:\/\/www.sana.sy\/tr\/?p=6390"},"modified":"2014-08-03T14:23:51","modified_gmt":"2014-08-03T11:23:51","slug":"bati-asya-basketbol-15-yas-alti-milli-takimimizdan-basketlik-galibiyet","status":"publish","type":"post","link":"https:\/\/archive.sana.sy\/tr\/?p=6390","title":{"rendered":"Bat\u0131 Asya Basketbol 15 Ya\u015f Alt\u0131 Milli Tak\u0131m\u0131m\u0131zdan Basketlik Galibiyet"},"content":{"rendered":"<p>TAHRAN \u2013 \u0130ran\u2019\u0131n ba\u015fkenti Tahran\u2019da d\u00fczenlenen Bat\u0131 Asya oyunlar\u0131 \u00e7er\u00e7evesinde 15 ya\u015f alt\u0131 ulusal milli Basketbol tak\u0131m\u0131m\u0131z \u00dcrd\u00fcnl\u00fc rakibini 55-53\u2019l\u00fck skorla g\u00fczel bir galibiyet elde etti.<\/p>\n<p>Turnuvaya Suriye&#8217;nin yan\u0131 s\u0131ra \u0130ran, L\u00fcbnan, \u00dcrd\u00fcn ve Irak tak\u0131mlar\u0131 kat\u0131l\u0131yor.<\/p>\n<p>G\u00fc\u00e7l\u00fc bir havada ge\u00e7en kar\u015f\u0131la\u015fman\u0131n son dakikalar\u0131nda Suriye tak\u0131m\u0131n\u0131n att\u0131\u011f\u0131 alt\u0131n de\u011ferindeki basketle ma\u00e7\u0131 55-53 kazanmay\u0131 bildi.<\/p>\n<p>15 ya\u015f alt\u0131 milli tak\u0131m\u0131m\u0131z bir \u00f6nceki g\u00fcn oynad\u0131\u011f\u0131 ma\u00e7ta L\u00fcbnanl\u0131 tak\u0131ma 52-81\u2019lik bir skorla ma\u011flup olmu\u015ftu. Milli tak\u0131m\u0131m\u0131z yar\u0131n \u0130ran tak\u0131m\u0131 gelecek Sal\u0131 g\u00fcn\u00fc de Irak tak\u0131m\u0131yla oynayacak.<\/p>\n","protected":false},"excerpt":{"rendered":"<p>TAHRAN \u2013 \u0130ran\u2019\u0131n ba\u015fkenti Tahran\u2019da d\u00fczenlenen Bat\u0131 Asya oyunlar\u0131 \u00e7er\u00e7evesinde 15 ya\u015f alt\u0131 ulusal milli Basketbol tak\u0131m\u0131m\u0131z \u00dcrd\u00fcnl\u00fc rakibini 55-53\u2019l\u00fck skorla g\u00fczel bir galibiyet elde etti. Turnuvaya Suriye&#8217;nin yan\u0131 s\u0131ra \u0130ran, L\u00fcbnan, \u00dcrd\u00fcn ve Irak tak\u0131mlar\u0131 kat\u0131l\u0131yor. G\u00fc\u00e7l\u00fc bir havada ge\u00e7en kar\u015f\u0131la\u015fman\u0131n son dakikalar\u0131nda Suriye tak\u0131m\u0131n\u0131n att\u0131\u011f\u0131 alt\u0131n de\u011ferindeki basketle ma\u00e7\u0131 55-53 kazanmay\u0131 bildi. 15 &hellip;<\/p>\n","protected":false},"author":1,"featured_media":6399,"comment_status":"closed","ping_status":"closed","sticky":false,"template":"","format":"standard","meta":{"footnotes":""},"categories":[498,496,584],"tags":[1418],"class_list":["post-6390","post","type-post","status-publish","format-standard","has-post-thumbnail","","category-dunya-turnuvalari","category-spor","category-yurtdisinda-sana-ofisleri","tag-bati-asya-basketbol-15-yas-alti-milli-takimimizdan-basketlik-galibiyet"],"_links":{"self":[{"href":"https:\/\/archive.sana.sy\/tr\/index.php?rest_route=\/wp\/v2\/posts\/6390","targetHints":{"allow":["GET"]}}],"collection":[{"href":"https:\/\/archive.sana.sy\/tr\/index.php?rest_route=\/wp\/v2\/posts"}],"about":[{"href":"https:\/\/archive.sana.sy\/tr\/index.php?rest_route=\/wp\/v2\/types\/post"}],"author":[{"embeddable":true,"href":"https:\/\/archive.sana.sy\/tr\/index.php?rest_route=\/wp\/v2\/users\/1"}],"replies":[{"embeddable":true,"href":"https:\/\/archive.sana.sy\/tr\/index.php?rest_route=%2Fwp%2Fv2%2Fcomments&post=6390"}],"version-history":[{"count":0,"href":"https:\/\/archive.sana.sy\/tr\/index.php?rest_route=\/wp\/v2\/posts\/6390\/revisions"}],"wp:featuredmedia":[{"embeddable":true,"href":"https:\/\/archive.sana.sy\/tr\/index.php?rest_route=\/wp\/v2\/media\/6399"}],"wp:attachment":[{"href":"https:\/\/archive.sana.sy\/tr\/index.php?rest_route=%2Fwp%2Fv2%2Fmedia&parent=6390"}],"wp:term":[{"taxonomy":"category","embeddable":true,"href":"https:\/\/archive.sana.sy\/tr\/index.php?rest_route=%2Fwp%2Fv2%2Fcategories&post=6390"},{"taxonomy":"post_tag","embeddable":true,"href":"https:\/\/archive.sana.sy\/tr\/index.php?rest_route=%2Fwp%2Fv2%2Ftags&post=6390"}],"curies":[{"name":"wp","href":"https:\/\/api.w.org\/{rel}","templated":true}]}}