{"id":63914,"date":"2016-03-07T15:10:15","date_gmt":"2016-03-07T13:10:15","guid":{"rendered":"http:\/\/www.sana.sy\/tr\/?p=63914"},"modified":"2016-03-08T15:26:04","modified_gmt":"2016-03-08T13:26:04","slug":"putin-ve-sisi-siki-isbirligine-anlasti","status":"publish","type":"post","link":"https:\/\/archive.sana.sy\/tr\/?p=63914","title":{"rendered":"Putin ve Sisi S\u0131k\u0131 \u0130\u015fbirli\u011fine Anla\u015ft\u0131"},"content":{"rendered":"<p>MOSKOVA \u2013 Rusya Ba\u015fkan\u0131 Vladimir Putin ve M\u0131s\u0131r Ba\u015fkan\u0131 Abd\u00fclfettah el Sisi bug\u00fcn aralar\u0131nda ger\u00e7ekle\u015fen telefon g\u00f6r\u00fc\u015fmesinde Suriye, Yemen ve Libya\u2019da ter\u00f6rle m\u00fccadelenin s\u00fcrd\u00fcr\u00fclmesi gere\u011fini vurgulad\u0131lar.<\/p>\n<p>Rusya Ba\u015fkanl\u0131k Saray\u0131 Kremlinin s\u00f6zc\u00fcs\u00fc Dimtry Peskov yapt\u0131\u011f\u0131 bas\u0131n a\u00e7\u0131klamas\u0131nda telefon g\u00f6r\u00fc\u015fmesinde Ba\u015fkan Putin\u2019in Sisi\u2019ye Suriye&#8217;de \u00e7at\u0131\u015fmalar\u0131 durdurma anla\u015fmas\u0131n\u0131n uygulanmas\u0131 ve yap\u0131lan ihlaller konusunda bilgi aktard\u0131\u011f\u0131n\u0131 ifade etti. Peskov Putin ve Sisi\u2019nin Uluslar aras\u0131 Suriye&#8217;ye Destek Grubu \u00e7er\u00e7evesinde iki taraf aras\u0131nda s\u0131k\u0131 bir i\u015fbirli\u011fi \u00fczerine anla\u015ft\u0131klar\u0131n\u0131 belirtti.<\/p>\n","protected":false},"excerpt":{"rendered":"<p>MOSKOVA \u2013 Rusya Ba\u015fkan\u0131 Vladimir Putin ve M\u0131s\u0131r Ba\u015fkan\u0131 Abd\u00fclfettah el Sisi bug\u00fcn aralar\u0131nda ger\u00e7ekle\u015fen telefon g\u00f6r\u00fc\u015fmesinde Suriye, Yemen ve Libya\u2019da ter\u00f6rle m\u00fccadelenin s\u00fcrd\u00fcr\u00fclmesi gere\u011fini vurgulad\u0131lar. Rusya Ba\u015fkanl\u0131k Saray\u0131 Kremlinin s\u00f6zc\u00fcs\u00fc Dimtry Peskov yapt\u0131\u011f\u0131 bas\u0131n a\u00e7\u0131klamas\u0131nda telefon g\u00f6r\u00fc\u015fmesinde Ba\u015fkan Putin\u2019in Sisi\u2019ye Suriye&#8217;de \u00e7at\u0131\u015fmalar\u0131 durdurma anla\u015fmas\u0131n\u0131n uygulanmas\u0131 ve yap\u0131lan ihlaller konusunda bilgi aktard\u0131\u011f\u0131n\u0131 ifade etti. Peskov &hellip;<\/p>\n","protected":false},"author":1,"featured_media":63916,"comment_status":"closed","ping_status":"closed","sticky":false,"template":"","format":"standard","meta":{"footnotes":""},"categories":[458,459,17988],"tags":[],"class_list":["post-63914","post","type-post","status-publish","format-standard","has-post-thumbnail","","category-dunya1","category-haberler-arap-uluslararasi-politika","category-son-haberler"],"_links":{"self":[{"href":"https:\/\/archive.sana.sy\/tr\/index.php?rest_route=\/wp\/v2\/posts\/63914","targetHints":{"allow":["GET"]}}],"collection":[{"href":"https:\/\/archive.sana.sy\/tr\/index.php?rest_route=\/wp\/v2\/posts"}],"about":[{"href":"https:\/\/archive.sana.sy\/tr\/index.php?rest_route=\/wp\/v2\/types\/post"}],"author":[{"embeddable":true,"href":"https:\/\/archive.sana.sy\/tr\/index.php?rest_route=\/wp\/v2\/users\/1"}],"replies":[{"embeddable":true,"href":"https:\/\/archive.sana.sy\/tr\/index.php?rest_route=%2Fwp%2Fv2%2Fcomments&post=63914"}],"version-history":[{"count":0,"href":"https:\/\/archive.sana.sy\/tr\/index.php?rest_route=\/wp\/v2\/posts\/63914\/revisions"}],"wp:featuredmedia":[{"embeddable":true,"href":"https:\/\/archive.sana.sy\/tr\/index.php?rest_route=\/wp\/v2\/media\/63916"}],"wp:attachment":[{"href":"https:\/\/archive.sana.sy\/tr\/index.php?rest_route=%2Fwp%2Fv2%2Fmedia&parent=63914"}],"wp:term":[{"taxonomy":"category","embeddable":true,"href":"https:\/\/archive.sana.sy\/tr\/index.php?rest_route=%2Fwp%2Fv2%2Fcategories&post=63914"},{"taxonomy":"post_tag","embeddable":true,"href":"https:\/\/archive.sana.sy\/tr\/index.php?rest_route=%2Fwp%2Fv2%2Ftags&post=63914"}],"curies":[{"name":"wp","href":"https:\/\/api.w.org\/{rel}","templated":true}]}}