{"id":63918,"date":"2016-03-07T15:56:24","date_gmt":"2016-03-07T13:56:24","guid":{"rendered":"http:\/\/www.sana.sy\/tr\/?p=63918"},"modified":"2016-03-08T15:26:39","modified_gmt":"2016-03-08T13:26:39","slug":"partimiz-secimlere-girecek","status":"publish","type":"post","link":"https:\/\/archive.sana.sy\/tr\/?p=63918","title":{"rendered":"Partimiz Se\u00e7imlere Girecek (video)"},"content":{"rendered":"<p>\u015eAM \u2013 Suriye Milliyet\u00e7i Sosyalist Partisi Ba\u015fkan\u0131 Cozef Sveyd, partisinin 13 Nisan\u2019da yap\u0131lacak halk Meclisi se\u00e7imlerine aday ve se\u00e7menleriyle kat\u0131laca\u011f\u0131n\u0131 a\u00e7\u0131klad\u0131.<\/p>\n<p>Partinin Milli \u0130stisnai Kurultay\u0131n\u0131n bug\u00fcn \u015eam Otelinde d\u00fczenledi\u011fi oturum ard\u0131ndan bas\u0131n konferans\u0131 d\u00fczenleyen Sveyd; Suriye&#8217;nin gelece\u011finin herhangi bir d\u0131\u015f m\u00fcdahale olmaks\u0131z\u0131n bizzat Suriyeliler taraf\u0131ndan kararla\u015ft\u0131r\u0131l\u0131p belirlenece\u011fine vurgu yaparken, bu konuda hi\u00e7bir d\u0131\u015f taraf ya da uluslar aras\u0131 kurumun herhangi bir dayatmada bulunmas\u0131n\u0131n kabul edilemez oldu\u011funun alt\u0131n\u0131 \u00e7izdi.<\/p>\n<p>Sveyd yenilenen Suriye&#8217;nin kanun ve sosyal adaletin peki\u015fti\u011fi laik, demokratik, sivil ve \u00e7ok partili bir devlet olmas\u0131 gerekti\u011fini ifade etti.<\/p>\n<div id='gallery-1' class='gallery galleryid-63918 gallery-columns-3 gallery-size-thumbnail'><figure class='gallery-item'>\n\t\t\t<div class='gallery-icon landscape'>\n\t\t\t\t<a href='https:\/\/archive.sana.sy\/tr\/wp-content\/uploads\/2016\/03\/2-9.jpg'><img loading=\"lazy\" decoding=\"async\" width=\"150\" height=\"96\" src=\"https:\/\/archive.sana.sy\/tr\/wp-content\/uploads\/2016\/03\/2-9-150x96.jpg\" class=\"attachment-thumbnail size-thumbnail\" alt=\"\" srcset=\"https:\/\/archive.sana.sy\/tr\/wp-content\/uploads\/2016\/03\/2-9-150x96.jpg 150w, https:\/\/archive.sana.sy\/tr\/wp-content\/uploads\/2016\/03\/2-9-300x192.jpg 300w, https:\/\/archive.sana.sy\/tr\/wp-content\/uploads\/2016\/03\/2-9-768x490.jpg 768w, https:\/\/archive.sana.sy\/tr\/wp-content\/uploads\/2016\/03\/2-9-1024x654.jpg 1024w\" sizes=\"auto, (max-width: 150px) 100vw, 150px\" \/><\/a>\n\t\t\t<\/div><\/figure><figure class='gallery-item'>\n\t\t\t<div class='gallery-icon landscape'>\n\t\t\t\t<a href='https:\/\/archive.sana.sy\/tr\/wp-content\/uploads\/2016\/03\/3-9.jpg'><img loading=\"lazy\" decoding=\"async\" width=\"150\" height=\"91\" src=\"https:\/\/archive.sana.sy\/tr\/wp-content\/uploads\/2016\/03\/3-9-150x91.jpg\" class=\"attachment-thumbnail size-thumbnail\" alt=\"\" srcset=\"https:\/\/archive.sana.sy\/tr\/wp-content\/uploads\/2016\/03\/3-9-150x91.jpg 150w, https:\/\/archive.sana.sy\/tr\/wp-content\/uploads\/2016\/03\/3-9-300x182.jpg 300w, https:\/\/archive.sana.sy\/tr\/wp-content\/uploads\/2016\/03\/3-9-768x467.jpg 768w, https:\/\/archive.sana.sy\/tr\/wp-content\/uploads\/2016\/03\/3-9-1024x623.jpg 1024w\" sizes=\"auto, (max-width: 150px) 100vw, 150px\" \/><\/a>\n\t\t\t<\/div><\/figure><figure class='gallery-item'>\n\t\t\t<div class='gallery-icon landscape'>\n\t\t\t\t<a href='https:\/\/archive.sana.sy\/tr\/wp-content\/uploads\/2016\/03\/4-8.jpg'><img loading=\"lazy\" decoding=\"async\" width=\"150\" height=\"92\" src=\"https:\/\/archive.sana.sy\/tr\/wp-content\/uploads\/2016\/03\/4-8-150x92.jpg\" class=\"attachment-thumbnail size-thumbnail\" alt=\"\" srcset=\"https:\/\/archive.sana.sy\/tr\/wp-content\/uploads\/2016\/03\/4-8-150x92.jpg 150w, https:\/\/archive.sana.sy\/tr\/wp-content\/uploads\/2016\/03\/4-8-300x184.jpg 300w, https:\/\/archive.sana.sy\/tr\/wp-content\/uploads\/2016\/03\/4-8-768x471.jpg 768w, https:\/\/archive.sana.sy\/tr\/wp-content\/uploads\/2016\/03\/4-8-1024x628.jpg 1024w\" sizes=\"auto, (max-width: 150px) 100vw, 150px\" \/><\/a>\n\t\t\t<\/div><\/figure>\n\t\t<\/div>\n\n<p>https:\/\/www.youtube.com\/watch?v=yaotZ8QwKHw<\/p>\n<p>R.H.<\/p>\n","protected":false},"excerpt":{"rendered":"<p>\u015eAM \u2013 Suriye Milliyet\u00e7i Sosyalist Partisi Ba\u015fkan\u0131 Cozef Sveyd, partisinin 13 Nisan\u2019da yap\u0131lacak halk Meclisi se\u00e7imlerine aday ve se\u00e7menleriyle kat\u0131laca\u011f\u0131n\u0131 a\u00e7\u0131klad\u0131. Partinin Milli \u0130stisnai Kurultay\u0131n\u0131n bug\u00fcn \u015eam Otelinde d\u00fczenledi\u011fi oturum ard\u0131ndan bas\u0131n konferans\u0131 d\u00fczenleyen Sveyd; Suriye&#8217;nin gelece\u011finin herhangi bir d\u0131\u015f m\u00fcdahale olmaks\u0131z\u0131n bizzat Suriyeliler taraf\u0131ndan kararla\u015ft\u0131r\u0131l\u0131p belirlenece\u011fine vurgu yaparken, bu konuda hi\u00e7bir d\u0131\u015f taraf ya &hellip;<\/p>\n","protected":false},"author":1,"featured_media":63919,"comment_status":"closed","ping_status":"closed","sticky":false,"template":"","format":"standard","meta":{"footnotes":""},"categories":[479,17988,478],"tags":[],"class_list":["post-63918","post","type-post","status-publish","format-standard","has-post-thumbnail","","category-haberler-yerel","category-son-haberler","category-yerel"],"_links":{"self":[{"href":"https:\/\/archive.sana.sy\/tr\/index.php?rest_route=\/wp\/v2\/posts\/63918","targetHints":{"allow":["GET"]}}],"collection":[{"href":"https:\/\/archive.sana.sy\/tr\/index.php?rest_route=\/wp\/v2\/posts"}],"about":[{"href":"https:\/\/archive.sana.sy\/tr\/index.php?rest_route=\/wp\/v2\/types\/post"}],"author":[{"embeddable":true,"href":"https:\/\/archive.sana.sy\/tr\/index.php?rest_route=\/wp\/v2\/users\/1"}],"replies":[{"embeddable":true,"href":"https:\/\/archive.sana.sy\/tr\/index.php?rest_route=%2Fwp%2Fv2%2Fcomments&post=63918"}],"version-history":[{"count":0,"href":"https:\/\/archive.sana.sy\/tr\/index.php?rest_route=\/wp\/v2\/posts\/63918\/revisions"}],"wp:featuredmedia":[{"embeddable":true,"href":"https:\/\/archive.sana.sy\/tr\/index.php?rest_route=\/wp\/v2\/media\/63919"}],"wp:attachment":[{"href":"https:\/\/archive.sana.sy\/tr\/index.php?rest_route=%2Fwp%2Fv2%2Fmedia&parent=63918"}],"wp:term":[{"taxonomy":"category","embeddable":true,"href":"https:\/\/archive.sana.sy\/tr\/index.php?rest_route=%2Fwp%2Fv2%2Fcategories&post=63918"},{"taxonomy":"post_tag","embeddable":true,"href":"https:\/\/archive.sana.sy\/tr\/index.php?rest_route=%2Fwp%2Fv2%2Ftags&post=63918"}],"curies":[{"name":"wp","href":"https:\/\/api.w.org\/{rel}","templated":true}]}}