{"id":6393,"date":"2014-08-03T14:08:31","date_gmt":"2014-08-03T11:08:31","guid":{"rendered":"http:\/\/www.sana.sy\/tr\/?p=6393"},"modified":"2014-08-03T14:08:31","modified_gmt":"2014-08-03T11:08:31","slug":"idlib-kirsalinin-kefar-necd-civarlarinda-kurdugu-pusuda-bir-teror-grubunun-tum-uyelerini-silahlariyla-birlikte-etkisiz-halde-ele-geciren-ordu-birliklerimiz-cisr-el-sugur-yakinlarinda-hedef-aldigi-kum","status":"publish","type":"post","link":"https:\/\/archive.sana.sy\/tr\/?p=6393","title":{"rendered":"\u0130dlib k\u0131rsal\u0131n\u0131n Kefar Necd civarlar\u0131nda kurdu\u011fu pusuda bir ter\u00f6r grubunun t\u00fcm \u00fcyelerini silahlar\u0131yla birlikte etkisiz halde ele ge\u00e7iren ordu birliklerimiz, Cisr el \u015eu\u011fur yak\u0131nlar\u0131nda hedef ald\u0131\u011f\u0131 k\u00fcmelenme yerlerinde geneli yabanc\u0131 olan 15 ter\u00f6risti \u00f6l\u00fc d\u00fc\u015f\u00fcrd\u00fc."},"content":{"rendered":"<p>\u0130dlib k\u0131rsal\u0131n\u0131n Kefar Necd civarlar\u0131nda kurdu\u011fu pusuda bir ter\u00f6r grubunun t\u00fcm \u00fcyelerini silahlar\u0131yla birlikte etkisiz halde ele ge\u00e7iren ordu birliklerimiz, Cisr el \u015eu\u011fur yak\u0131nlar\u0131nda hedef ald\u0131\u011f\u0131 k\u00fcmelenme yerlerinde geneli yabanc\u0131 olan 15 ter\u00f6risti \u00f6l\u00fc d\u00fc\u015f\u00fcrd\u00fc.<\/p>\n","protected":false},"excerpt":{"rendered":"<p>\u0130dlib k\u0131rsal\u0131n\u0131n Kefar Necd civarlar\u0131nda kurdu\u011fu pusuda bir ter\u00f6r grubunun t\u00fcm \u00fcyelerini silahlar\u0131yla birlikte etkisiz halde ele ge\u00e7iren ordu birliklerimiz, Cisr el \u015eu\u011fur yak\u0131nlar\u0131nda hedef ald\u0131\u011f\u0131 k\u00fcmelenme yerlerinde geneli yabanc\u0131 olan 15 ter\u00f6risti \u00f6l\u00fc d\u00fc\u015f\u00fcrd\u00fc.<\/p>\n","protected":false},"author":1,"featured_media":0,"comment_status":"closed","ping_status":"closed","sticky":false,"template":"","format":"standard","meta":{"footnotes":""},"categories":[1],"tags":[1420,1419],"class_list":["post-6393","post","type-post","status-publish","format-standard","","category-news-not-sorted","tag-cisr-el-sugur-yakinlarinda-hedef-aldigi-kumelenme-yerlerinde-geneli-yabanci-olan-15-teroristi-olu-dusurdu","tag-idlib-kirsalinin-kefar-necd-civarlarinda-kurdugu-pusuda-bir-teror-grubunun-tum-uyelerini-silahlariyla-birlikte-etkisiz-halde-ele-geciren-ordu-birliklerimiz"],"_links":{"self":[{"href":"https:\/\/archive.sana.sy\/tr\/index.php?rest_route=\/wp\/v2\/posts\/6393","targetHints":{"allow":["GET"]}}],"collection":[{"href":"https:\/\/archive.sana.sy\/tr\/index.php?rest_route=\/wp\/v2\/posts"}],"about":[{"href":"https:\/\/archive.sana.sy\/tr\/index.php?rest_route=\/wp\/v2\/types\/post"}],"author":[{"embeddable":true,"href":"https:\/\/archive.sana.sy\/tr\/index.php?rest_route=\/wp\/v2\/users\/1"}],"replies":[{"embeddable":true,"href":"https:\/\/archive.sana.sy\/tr\/index.php?rest_route=%2Fwp%2Fv2%2Fcomments&post=6393"}],"version-history":[{"count":0,"href":"https:\/\/archive.sana.sy\/tr\/index.php?rest_route=\/wp\/v2\/posts\/6393\/revisions"}],"wp:attachment":[{"href":"https:\/\/archive.sana.sy\/tr\/index.php?rest_route=%2Fwp%2Fv2%2Fmedia&parent=6393"}],"wp:term":[{"taxonomy":"category","embeddable":true,"href":"https:\/\/archive.sana.sy\/tr\/index.php?rest_route=%2Fwp%2Fv2%2Fcategories&post=6393"},{"taxonomy":"post_tag","embeddable":true,"href":"https:\/\/archive.sana.sy\/tr\/index.php?rest_route=%2Fwp%2Fv2%2Ftags&post=6393"}],"curies":[{"name":"wp","href":"https:\/\/api.w.org\/{rel}","templated":true}]}}