{"id":63943,"date":"2016-03-07T16:31:19","date_gmt":"2016-03-07T14:31:19","guid":{"rendered":"http:\/\/www.sana.sy\/tr\/?p=63943"},"modified":"2016-03-08T15:36:40","modified_gmt":"2016-03-08T13:36:40","slug":"gelisiguzel-saldirilarda-5-kisi-sehit-oldu","status":"publish","type":"post","link":"https:\/\/archive.sana.sy\/tr\/?p=63943","title":{"rendered":"Geli\u015fig\u00fczel Sald\u0131r\u0131larda 5 Ki\u015fi \u015eehit Oldu"},"content":{"rendered":"<p>HALEP \u2013 T\u00fcrkiye&#8217;de katil Erdo\u011fan rejimi ve Suudi Arabistan&#8217;da vahhabi Al Suud rejimine tabi tekfirci ve kiral\u0131k ter\u00f6r \u00e7eteleri bug\u00fcn de Halep Kentinde sivil yerle\u015fim alanlar\u0131na geli\u015fig\u00fczel f\u00fcze ve havan sald\u0131r\u0131lar\u0131n\u0131 s\u00fcrd\u00fcrd\u00fc.<\/p>\n<p>Halep Emniyet M\u00fcd\u00fcrl\u00fc\u011f\u00fcnde yetkili bir kaynak SANA\u2019ya a\u00e7\u0131klamas\u0131nda Erdo\u011fan rejiminden destek ve talimat alan ter\u00f6ristlerin kentin sivil yerle\u015fim alanlar\u0131ndan \u015eeyh Maksud Semtine f\u00fcze ve havan roketleriyle geli\u015fig\u00fczel sald\u0131rmalar\u0131 sonucunda 5 vatanda\u015f\u0131n \u015fehit d\u00fc\u015ft\u00fc\u011f\u00fcn\u00fc ifade etti.<\/p>\n<p>Ayn\u0131 ter\u00f6r \u00e7etelerin d\u00fcn yine \u015eeyh Maksud Semtine benzer hain sald\u0131r\u0131lar\u0131nda aralar\u0131nda \u00e7ocuk ve kad\u0131nlar\u0131n bulundu\u011fu 13 vatanda\u015f \u015fehit, 40 vatanda\u015f da yaral\u0131 d\u00fc\u015fm\u00fc\u015ft\u00fc.<\/p>\n","protected":false},"excerpt":{"rendered":"<p>HALEP \u2013 T\u00fcrkiye&#8217;de katil Erdo\u011fan rejimi ve Suudi Arabistan&#8217;da vahhabi Al Suud rejimine tabi tekfirci ve kiral\u0131k ter\u00f6r \u00e7eteleri bug\u00fcn de Halep Kentinde sivil yerle\u015fim alanlar\u0131na geli\u015fig\u00fczel f\u00fcze ve havan sald\u0131r\u0131lar\u0131n\u0131 s\u00fcrd\u00fcrd\u00fc. Halep Emniyet M\u00fcd\u00fcrl\u00fc\u011f\u00fcnde yetkili bir kaynak SANA\u2019ya a\u00e7\u0131klamas\u0131nda Erdo\u011fan rejiminden destek ve talimat alan ter\u00f6ristlerin kentin sivil yerle\u015fim alanlar\u0131ndan \u015eeyh Maksud Semtine f\u00fcze &hellip;<\/p>\n","protected":false},"author":1,"featured_media":63944,"comment_status":"closed","ping_status":"closed","sticky":false,"template":"","format":"standard","meta":{"footnotes":""},"categories":[575],"tags":[],"class_list":["post-63943","post","type-post","status-publish","format-standard","has-post-thumbnail","","category-olaylar-ve-gercekler"],"_links":{"self":[{"href":"https:\/\/archive.sana.sy\/tr\/index.php?rest_route=\/wp\/v2\/posts\/63943","targetHints":{"allow":["GET"]}}],"collection":[{"href":"https:\/\/archive.sana.sy\/tr\/index.php?rest_route=\/wp\/v2\/posts"}],"about":[{"href":"https:\/\/archive.sana.sy\/tr\/index.php?rest_route=\/wp\/v2\/types\/post"}],"author":[{"embeddable":true,"href":"https:\/\/archive.sana.sy\/tr\/index.php?rest_route=\/wp\/v2\/users\/1"}],"replies":[{"embeddable":true,"href":"https:\/\/archive.sana.sy\/tr\/index.php?rest_route=%2Fwp%2Fv2%2Fcomments&post=63943"}],"version-history":[{"count":0,"href":"https:\/\/archive.sana.sy\/tr\/index.php?rest_route=\/wp\/v2\/posts\/63943\/revisions"}],"wp:featuredmedia":[{"embeddable":true,"href":"https:\/\/archive.sana.sy\/tr\/index.php?rest_route=\/wp\/v2\/media\/63944"}],"wp:attachment":[{"href":"https:\/\/archive.sana.sy\/tr\/index.php?rest_route=%2Fwp%2Fv2%2Fmedia&parent=63943"}],"wp:term":[{"taxonomy":"category","embeddable":true,"href":"https:\/\/archive.sana.sy\/tr\/index.php?rest_route=%2Fwp%2Fv2%2Fcategories&post=63943"},{"taxonomy":"post_tag","embeddable":true,"href":"https:\/\/archive.sana.sy\/tr\/index.php?rest_route=%2Fwp%2Fv2%2Ftags&post=63943"}],"curies":[{"name":"wp","href":"https:\/\/api.w.org\/{rel}","templated":true}]}}