{"id":63956,"date":"2016-03-07T16:54:31","date_gmt":"2016-03-07T14:54:31","guid":{"rendered":"http:\/\/www.sana.sy\/tr\/?p=63956"},"modified":"2016-03-08T16:30:44","modified_gmt":"2016-03-08T14:30:44","slug":"emekli-ogretmenlerin-yasam-kalitesini-pekistirecek-kanunname-onaylandi","status":"publish","type":"post","link":"https:\/\/archive.sana.sy\/tr\/?p=63956","title":{"rendered":"Emekli \u00d6\u011fretmenlerin Ya\u015fam Kalitesini Peki\u015ftirecek Kanunname Onayland\u0131"},"content":{"rendered":"<p>\u015eAM \u2013 Cumhurba\u015fkan\u0131 Be\u015f\u015far el Esad \u00d6\u011fretmen Emeklilik Hazinesinin kurulmas\u0131n\u0131 \u00f6ng\u00f6ren 2016\/9 say\u0131l\u0131 kanunnameyi onaylad\u0131.<\/p>\n<p>Emekli \u00f6\u011fretmenlerin ya\u015fam kalitesini peki\u015ftirmeyi ama\u00e7layan kanunname, Halk Meclisinde tart\u0131\u015f\u0131l\u0131p onaylanmas\u0131 ard\u0131ndan anayasa gere\u011fince onay i\u00e7in cumhurba\u015fkanl\u0131\u011f\u0131na sevk edilmi\u015fti.<\/p>\n","protected":false},"excerpt":{"rendered":"<p>\u015eAM \u2013 Cumhurba\u015fkan\u0131 Be\u015f\u015far el Esad \u00d6\u011fretmen Emeklilik Hazinesinin kurulmas\u0131n\u0131 \u00f6ng\u00f6ren 2016\/9 say\u0131l\u0131 kanunnameyi onaylad\u0131. Emekli \u00f6\u011fretmenlerin ya\u015fam kalitesini peki\u015ftirmeyi ama\u00e7layan kanunname, Halk Meclisinde tart\u0131\u015f\u0131l\u0131p onaylanmas\u0131 ard\u0131ndan anayasa gere\u011fince onay i\u00e7in cumhurba\u015fkanl\u0131\u011f\u0131na sevk edilmi\u015fti.<\/p>\n","protected":false},"author":1,"featured_media":56583,"comment_status":"closed","ping_status":"closed","sticky":false,"template":"","format":"standard","meta":{"footnotes":""},"categories":[485,486,605,612,599],"tags":[],"class_list":["post-63956","post","type-post","status-publish","format-standard","has-post-thumbnail","","category-is-ve-sermaye","category-haberler-is-ve-sermaye","category-sayin-cumhurbaskani","category-yasama-kararnameler","category-yasama-ve-kanunlar"],"_links":{"self":[{"href":"https:\/\/archive.sana.sy\/tr\/index.php?rest_route=\/wp\/v2\/posts\/63956","targetHints":{"allow":["GET"]}}],"collection":[{"href":"https:\/\/archive.sana.sy\/tr\/index.php?rest_route=\/wp\/v2\/posts"}],"about":[{"href":"https:\/\/archive.sana.sy\/tr\/index.php?rest_route=\/wp\/v2\/types\/post"}],"author":[{"embeddable":true,"href":"https:\/\/archive.sana.sy\/tr\/index.php?rest_route=\/wp\/v2\/users\/1"}],"replies":[{"embeddable":true,"href":"https:\/\/archive.sana.sy\/tr\/index.php?rest_route=%2Fwp%2Fv2%2Fcomments&post=63956"}],"version-history":[{"count":0,"href":"https:\/\/archive.sana.sy\/tr\/index.php?rest_route=\/wp\/v2\/posts\/63956\/revisions"}],"wp:featuredmedia":[{"embeddable":true,"href":"https:\/\/archive.sana.sy\/tr\/index.php?rest_route=\/wp\/v2\/media\/56583"}],"wp:attachment":[{"href":"https:\/\/archive.sana.sy\/tr\/index.php?rest_route=%2Fwp%2Fv2%2Fmedia&parent=63956"}],"wp:term":[{"taxonomy":"category","embeddable":true,"href":"https:\/\/archive.sana.sy\/tr\/index.php?rest_route=%2Fwp%2Fv2%2Fcategories&post=63956"},{"taxonomy":"post_tag","embeddable":true,"href":"https:\/\/archive.sana.sy\/tr\/index.php?rest_route=%2Fwp%2Fv2%2Ftags&post=63956"}],"curies":[{"name":"wp","href":"https:\/\/api.w.org\/{rel}","templated":true}]}}