{"id":63960,"date":"2016-03-07T19:21:45","date_gmt":"2016-03-07T17:21:45","guid":{"rendered":"http:\/\/www.sana.sy\/tr\/?p=63960"},"modified":"2016-03-08T15:25:55","modified_gmt":"2016-03-08T13:25:55","slug":"milletvekili-adaylik-basvurularini-inceleme-calismalari-tamamlandi","status":"publish","type":"post","link":"https:\/\/archive.sana.sy\/tr\/?p=63960","title":{"rendered":"Milletvekili Adayl\u0131k Ba\u015fvurular\u0131n\u0131 \u0130nceleme \u00c7al\u0131\u015fmalar\u0131 Tamamland\u0131"},"content":{"rendered":"<p>\u015eAM \u2013 13 Nisan tarihinde yap\u0131lacak Halk Meclisi se\u00e7imlerine milletvekili adayl\u0131k ba\u015fvurular\u0131nda bulunanlar\u0131n dilek\u00e7elerini inceleme komiteleri bug\u00fcn kendilerine belirlenen anayasal s\u00fcre \u00e7er\u00e7evesinde \u00e7al\u0131\u015fmalar\u0131n\u0131 tamamlad\u0131.<\/p>\n<p>Se\u00e7im Y\u00fcksek Yarg\u0131 Komisyonu Ba\u015fkan\u0131 Hi\u015fam el \u015eear \u00e7al\u0131\u015fmalar\u0131n\u0131 bitiren komitelerin, adayl\u0131k ba\u015fvurular\u0131 kabul edilenleri alfabetik s\u0131raya g\u00f6re haz\u0131rlanacak listelerle ilan edece\u011fini ifade etti. \u015eear dilek\u00e7esi kabul edilmeyenlerin sonu\u00e7lar\u0131n ilan\u0131ndan sonra 3 g\u00fcn s\u00fcre i\u00e7inde itiraz ba\u015fvurusunda bulunabileceklerine dikkat \u00e7ekti.<\/p>\n<p>Bu arada 13 Nisan tarihinde yap\u0131lacak Halk Meclisi se\u00e7imlerine 11341 ki\u015fi milletvekili adayl\u0131\u011f\u0131 i\u00e7in ba\u015fvuruda bulunmu\u015flard\u0131.<\/p>\n","protected":false},"excerpt":{"rendered":"<p>\u015eAM \u2013 13 Nisan tarihinde yap\u0131lacak Halk Meclisi se\u00e7imlerine milletvekili adayl\u0131k ba\u015fvurular\u0131nda bulunanlar\u0131n dilek\u00e7elerini inceleme komiteleri bug\u00fcn kendilerine belirlenen anayasal s\u00fcre \u00e7er\u00e7evesinde \u00e7al\u0131\u015fmalar\u0131n\u0131 tamamlad\u0131. Se\u00e7im Y\u00fcksek Yarg\u0131 Komisyonu Ba\u015fkan\u0131 Hi\u015fam el \u015eear \u00e7al\u0131\u015fmalar\u0131n\u0131 bitiren komitelerin, adayl\u0131k ba\u015fvurular\u0131 kabul edilenleri alfabetik s\u0131raya g\u00f6re haz\u0131rlanacak listelerle ilan edece\u011fini ifade etti. \u015eear dilek\u00e7esi kabul edilmeyenlerin sonu\u00e7lar\u0131n ilan\u0131ndan sonra &hellip;<\/p>\n","protected":false},"author":1,"featured_media":63961,"comment_status":"closed","ping_status":"closed","sticky":false,"template":"","format":"standard","meta":{"footnotes":""},"categories":[479,17988,478],"tags":[19727,19725,19726],"class_list":["post-63960","post","type-post","status-publish","format-standard","has-post-thumbnail","","category-haberler-yerel","category-son-haberler","category-yerel","tag-hisam-el-sear","tag-milletvekili-adaylik-basvurularini-inceleme-calismalari-tamamlandi","tag-secim-yuksek-yargi-komisyonu-baskani"],"_links":{"self":[{"href":"https:\/\/archive.sana.sy\/tr\/index.php?rest_route=\/wp\/v2\/posts\/63960","targetHints":{"allow":["GET"]}}],"collection":[{"href":"https:\/\/archive.sana.sy\/tr\/index.php?rest_route=\/wp\/v2\/posts"}],"about":[{"href":"https:\/\/archive.sana.sy\/tr\/index.php?rest_route=\/wp\/v2\/types\/post"}],"author":[{"embeddable":true,"href":"https:\/\/archive.sana.sy\/tr\/index.php?rest_route=\/wp\/v2\/users\/1"}],"replies":[{"embeddable":true,"href":"https:\/\/archive.sana.sy\/tr\/index.php?rest_route=%2Fwp%2Fv2%2Fcomments&post=63960"}],"version-history":[{"count":0,"href":"https:\/\/archive.sana.sy\/tr\/index.php?rest_route=\/wp\/v2\/posts\/63960\/revisions"}],"wp:featuredmedia":[{"embeddable":true,"href":"https:\/\/archive.sana.sy\/tr\/index.php?rest_route=\/wp\/v2\/media\/63961"}],"wp:attachment":[{"href":"https:\/\/archive.sana.sy\/tr\/index.php?rest_route=%2Fwp%2Fv2%2Fmedia&parent=63960"}],"wp:term":[{"taxonomy":"category","embeddable":true,"href":"https:\/\/archive.sana.sy\/tr\/index.php?rest_route=%2Fwp%2Fv2%2Fcategories&post=63960"},{"taxonomy":"post_tag","embeddable":true,"href":"https:\/\/archive.sana.sy\/tr\/index.php?rest_route=%2Fwp%2Fv2%2Ftags&post=63960"}],"curies":[{"name":"wp","href":"https:\/\/api.w.org\/{rel}","templated":true}]}}