{"id":63966,"date":"2016-03-07T19:39:00","date_gmt":"2016-03-07T17:39:00","guid":{"rendered":"http:\/\/www.sana.sy\/tr\/?p=63966"},"modified":"2016-03-08T16:56:12","modified_gmt":"2016-03-08T14:56:12","slug":"terore-karsi-operasyonlar-hava-guclerimizin-desteginde-devam-ediyor-2","status":"publish","type":"post","link":"https:\/\/archive.sana.sy\/tr\/?p=63966","title":{"rendered":"Ter\u00f6re Kar\u015f\u0131 Operasyonlar Hava G\u00fc\u00e7lerimizin Deste\u011finde Devam Ediyor"},"content":{"rendered":"<p>HOMS \u2013 \u00c7okuluslu tekfirci ve hain ter\u00f6re kar\u015f\u0131 operasyonlar\u0131n\u0131 hava g\u00fc\u00e7lerimizin deste\u011finde s\u00fcrd\u00fcren ordu birliklerimiz \u00e7ok say\u0131da ter\u00f6risti \u00f6l\u00fc yaral\u0131 d\u00fc\u015f\u00fcr\u00fcrken; siper ve karargahlar\u0131n\u0131n yan\u0131 s\u0131ra cephaneliklerini muhtevalar\u0131yla tahrip etti.<\/p>\n<p><span style=\"color: #0000ff\">HOMS:<\/span><\/p>\n<p>Askeri kaynak SANA\u2019ya a\u00e7\u0131klamas\u0131nda hava g\u00fc\u00e7lerimizin Homs k\u0131rsal\u0131n\u0131n do\u011fusu ve g\u00fcneydo\u011fusunda Karyeteyn Kenti ve Cezl petrol sahas\u0131 civarlar\u0131na ek olarak Mhasse, Savvana ve Beyyarat Tedmur yak\u0131nlar\u0131nda I\u015e\u0130D\u2019e ait karargahlar ve ara\u00e7lar\u0131 muhtevalar\u0131yla imha ettiklerini belirtti.<\/p>\n<p>Kaynak ordu birliklerimizin Homs Kentinin yakla\u015f\u0131k 85 km g\u00fcneydo\u011fusuna d\u00fc\u015fen Karyeteyn Kenti civarlar\u0131ndaki bir tepede askeri bir noktaya b\u00fcy\u00fck miktarda patlay\u0131c\u0131yla haz\u0131rlanm\u0131\u015f bombal\u0131 bir ara\u00e7la sald\u0131r\u0131 giri\u015fimini \u00e7\u00f6kerttiklerini ifade etti. Kaynak ordu birliklerimizin intihar eylemcisi bir I\u015e\u0130D\u2019linin kulland\u0131\u011f\u0131 bombal\u0131 arac\u0131 Karyeteyn\u2019in bat\u0131s\u0131na d\u00fc\u015fen Tlul el Suvd b\u00f6lgesinde hedefe ula\u015fmadan \u00f6nce imha ettiklerini belirtti.<\/p>\n","protected":false},"excerpt":{"rendered":"<p>HOMS \u2013 \u00c7okuluslu tekfirci ve hain ter\u00f6re kar\u015f\u0131 operasyonlar\u0131n\u0131 hava g\u00fc\u00e7lerimizin deste\u011finde s\u00fcrd\u00fcren ordu birliklerimiz \u00e7ok say\u0131da ter\u00f6risti \u00f6l\u00fc yaral\u0131 d\u00fc\u015f\u00fcr\u00fcrken; siper ve karargahlar\u0131n\u0131n yan\u0131 s\u0131ra cephaneliklerini muhtevalar\u0131yla tahrip etti. HOMS: Askeri kaynak SANA\u2019ya a\u00e7\u0131klamas\u0131nda hava g\u00fc\u00e7lerimizin Homs k\u0131rsal\u0131n\u0131n do\u011fusu ve g\u00fcneydo\u011fusunda Karyeteyn Kenti ve Cezl petrol sahas\u0131 civarlar\u0131na ek olarak Mhasse, Savvana ve Beyyarat &hellip;<\/p>\n","protected":false},"author":1,"featured_media":63967,"comment_status":"closed","ping_status":"closed","sticky":false,"template":"","format":"standard","meta":{"footnotes":""},"categories":[575],"tags":[17598],"class_list":["post-63966","post","type-post","status-publish","format-standard","has-post-thumbnail","","category-olaylar-ve-gercekler","tag-terore-karsi-operasyonlar-hava-guclerimizin-desteginde-devam-ediyor"],"_links":{"self":[{"href":"https:\/\/archive.sana.sy\/tr\/index.php?rest_route=\/wp\/v2\/posts\/63966","targetHints":{"allow":["GET"]}}],"collection":[{"href":"https:\/\/archive.sana.sy\/tr\/index.php?rest_route=\/wp\/v2\/posts"}],"about":[{"href":"https:\/\/archive.sana.sy\/tr\/index.php?rest_route=\/wp\/v2\/types\/post"}],"author":[{"embeddable":true,"href":"https:\/\/archive.sana.sy\/tr\/index.php?rest_route=\/wp\/v2\/users\/1"}],"replies":[{"embeddable":true,"href":"https:\/\/archive.sana.sy\/tr\/index.php?rest_route=%2Fwp%2Fv2%2Fcomments&post=63966"}],"version-history":[{"count":0,"href":"https:\/\/archive.sana.sy\/tr\/index.php?rest_route=\/wp\/v2\/posts\/63966\/revisions"}],"wp:featuredmedia":[{"embeddable":true,"href":"https:\/\/archive.sana.sy\/tr\/index.php?rest_route=\/wp\/v2\/media\/63967"}],"wp:attachment":[{"href":"https:\/\/archive.sana.sy\/tr\/index.php?rest_route=%2Fwp%2Fv2%2Fmedia&parent=63966"}],"wp:term":[{"taxonomy":"category","embeddable":true,"href":"https:\/\/archive.sana.sy\/tr\/index.php?rest_route=%2Fwp%2Fv2%2Fcategories&post=63966"},{"taxonomy":"post_tag","embeddable":true,"href":"https:\/\/archive.sana.sy\/tr\/index.php?rest_route=%2Fwp%2Fv2%2Ftags&post=63966"}],"curies":[{"name":"wp","href":"https:\/\/api.w.org\/{rel}","templated":true}]}}