{"id":64047,"date":"2016-03-08T15:32:22","date_gmt":"2016-03-08T13:32:22","guid":{"rendered":"http:\/\/www.sana.sy\/tr\/?p=64047"},"modified":"2016-03-09T16:48:47","modified_gmt":"2016-03-09T14:48:47","slug":"destekcileri-ve-ideolojisiyle-ayni-terordur","status":"publish","type":"post","link":"https:\/\/archive.sana.sy\/tr\/?p=64047","title":{"rendered":"Destek\u00e7ileri ve \u0130deolojisiyle Ayn\u0131 Ter\u00f6rd\u00fcr"},"content":{"rendered":"<p>\u015eAM \u2013 D\u0131\u015fi\u015fleri ve Gurbet\u00e7iler Bakanl\u0131\u011f\u0131nda yetkili bir kaynak Suriye&#8217;nin I\u015e\u0130D ter\u00f6r \u00f6rg\u00fct\u00fcn\u00fcn, Tunus\u2019un Bin Kerdan Kentinde bulundu\u011fu sald\u0131r\u0131lar\u0131 \u015fiddetle k\u0131nad\u0131\u011f\u0131n\u0131 belirtti.<\/p>\n<p>Bakanl\u0131k kayna\u011f\u0131 SANA\u2019ya a\u00e7\u0131klamas\u0131nda Suriye&#8217;nin karde\u015f Tunus ile dayan\u0131\u015fmas\u0131n\u0131 ifade ederken, kurban giden sivil ve askerlerin ailelerinin ac\u0131lar\u0131n\u0131 da payla\u015ft\u0131\u011f\u0131n\u0131 s\u00f6yledi.<\/p>\n<p>B\u00f6lge ve t\u00fcm d\u00fcnya istikrar\u0131 ve g\u00fcvenli\u011fine kar\u015f\u0131 ciddi bir tehdit olu\u015fturan ter\u00f6re kar\u015f\u0131 ciddi ve d\u00fcr\u00fcst \u00e7abalar\u0131n yo\u011funla\u015ft\u0131r\u0131l\u0131p birle\u015ftirilmesinde Suriye&#8217;nin davetini yineleyen bakanl\u0131k kayna\u011f\u0131; Suriye&#8217;nin be\u015f y\u0131la yak\u0131n s\u00fcredir belli ba\u015fl\u0131 devletlerin destekledikleri bu tekfirci ter\u00f6re kar\u015f\u0131 sava\u015ft\u0131\u011f\u0131n\u0131 vurgulad\u0131. Kaynak Tunus ve daha ba\u015fka devletlerin yan\u0131 s\u0131ra Suriye&#8217;de bulunan tekfirci ter\u00f6r\u00fcn ayn\u0131 ter\u00f6r oldu\u011funu, ba\u015fta Suudi Arabistan rejimi olmak \u00fczere ayn\u0131 devletler taraf\u0131ndan desteklendi\u011fini ve ayn\u0131 radikal ideolojiye sahip oldu\u011funun alt\u0131n\u0131 \u00e7izdi.<\/p>\n","protected":false},"excerpt":{"rendered":"<p>\u015eAM \u2013 D\u0131\u015fi\u015fleri ve Gurbet\u00e7iler Bakanl\u0131\u011f\u0131nda yetkili bir kaynak Suriye&#8217;nin I\u015e\u0130D ter\u00f6r \u00f6rg\u00fct\u00fcn\u00fcn, Tunus\u2019un Bin Kerdan Kentinde bulundu\u011fu sald\u0131r\u0131lar\u0131 \u015fiddetle k\u0131nad\u0131\u011f\u0131n\u0131 belirtti. Bakanl\u0131k kayna\u011f\u0131 SANA\u2019ya a\u00e7\u0131klamas\u0131nda Suriye&#8217;nin karde\u015f Tunus ile dayan\u0131\u015fmas\u0131n\u0131 ifade ederken, kurban giden sivil ve askerlerin ailelerinin ac\u0131lar\u0131n\u0131 da payla\u015ft\u0131\u011f\u0131n\u0131 s\u00f6yledi. B\u00f6lge ve t\u00fcm d\u00fcnya istikrar\u0131 ve g\u00fcvenli\u011fine kar\u015f\u0131 ciddi bir tehdit olu\u015fturan &hellip;<\/p>\n","protected":false},"author":1,"featured_media":58242,"comment_status":"closed","ping_status":"closed","sticky":false,"template":"","format":"standard","meta":{"footnotes":""},"categories":[479,17988,478],"tags":[],"class_list":["post-64047","post","type-post","status-publish","format-standard","has-post-thumbnail","","category-haberler-yerel","category-son-haberler","category-yerel"],"_links":{"self":[{"href":"https:\/\/archive.sana.sy\/tr\/index.php?rest_route=\/wp\/v2\/posts\/64047","targetHints":{"allow":["GET"]}}],"collection":[{"href":"https:\/\/archive.sana.sy\/tr\/index.php?rest_route=\/wp\/v2\/posts"}],"about":[{"href":"https:\/\/archive.sana.sy\/tr\/index.php?rest_route=\/wp\/v2\/types\/post"}],"author":[{"embeddable":true,"href":"https:\/\/archive.sana.sy\/tr\/index.php?rest_route=\/wp\/v2\/users\/1"}],"replies":[{"embeddable":true,"href":"https:\/\/archive.sana.sy\/tr\/index.php?rest_route=%2Fwp%2Fv2%2Fcomments&post=64047"}],"version-history":[{"count":0,"href":"https:\/\/archive.sana.sy\/tr\/index.php?rest_route=\/wp\/v2\/posts\/64047\/revisions"}],"wp:featuredmedia":[{"embeddable":true,"href":"https:\/\/archive.sana.sy\/tr\/index.php?rest_route=\/wp\/v2\/media\/58242"}],"wp:attachment":[{"href":"https:\/\/archive.sana.sy\/tr\/index.php?rest_route=%2Fwp%2Fv2%2Fmedia&parent=64047"}],"wp:term":[{"taxonomy":"category","embeddable":true,"href":"https:\/\/archive.sana.sy\/tr\/index.php?rest_route=%2Fwp%2Fv2%2Fcategories&post=64047"},{"taxonomy":"post_tag","embeddable":true,"href":"https:\/\/archive.sana.sy\/tr\/index.php?rest_route=%2Fwp%2Fv2%2Ftags&post=64047"}],"curies":[{"name":"wp","href":"https:\/\/api.w.org\/{rel}","templated":true}]}}