{"id":6405,"date":"2014-08-03T15:33:43","date_gmt":"2014-08-03T12:33:43","guid":{"rendered":"http:\/\/www.sana.sy\/tr\/?p=6405"},"modified":"2014-08-03T15:33:43","modified_gmt":"2014-08-03T12:33:43","slug":"yakunin-suriyeli-cocuklarin-misafir-edilmesi-iki-halkin-dostlugunu-yansitiyor","status":"publish","type":"post","link":"https:\/\/archive.sana.sy\/tr\/?p=6405","title":{"rendered":"Yak\u00fcnin: Suriyeli \u00c7ocuklar\u0131n Misafir Edilmesi \u0130ki Halk\u0131n Dostlu\u011funu Yans\u0131t\u0131yor"},"content":{"rendered":"<p>MOSKOVA \u2013 Suriye&#8217;de \u015eehit \u00c7ocuklar\u0131 Okullar\u0131nda ve Kimsesizler Yurdundaki ba\u015far\u0131l\u0131 \u00f6\u011frencilerin yaz tatilini Moskova\u2019da kurulacak \u00e7ocuk kamp\u0131nda ge\u00e7irmeleri davetinin giri\u015fimci kurumu olan Aziz Andre Fonu Ba\u015fkan\u0131 Vladimir Yak\u00fcnin, Suriyeli ba\u015far\u0131l\u0131 \u00e7ocuklar\u0131n misafir edilmesinin iki halk aras\u0131ndaki ger\u00e7ek dostluk ili\u015fkinin bir yans\u0131mas\u0131 oldu\u011funu dile getirdi.<\/p>\n<p>Moskova\u2019da Suriyeli \u00e7ocuklar\u0131n misafir edildi\u011fi kamp\u0131 ziyaret eden Yak\u00fcnin; kamp ortam\u0131ndaki Rusyal\u0131 ve Suriyeli \u00e7ocuklar\u0131n sergiledi\u011fi dostluk ve kayna\u015fman\u0131n etkileyici oldu\u011funa i\u015faret ederek Arap halklar\u0131yla dostluk ve karde\u015flik ili\u015fkilerini geli\u015ftirmeyi ilke edinen bir toplumun bu t\u00fcr etkinliklerle daha da b\u00fcy\u00fcyece\u011fini belirtti.<\/p>\n<p>Bat\u0131\u2019n\u0131n Suriye\u2019yi hi\u00e7 i\u015flememi\u015f oldu\u011fu su\u00e7larla itham etti\u011fine dikkat \u00e7eken Yak\u00fcnin; Bat\u0131\u2019n\u0131n kendisinin i\u015flemi\u015f oldu\u011fu su\u00e7lar\u0131 Suriye\u2019nin \u00fcst\u00fcne yakmaya \u00e7al\u0131\u015ft\u0131\u011f\u0131n\u0131 ve ya\u015fanmakta olan s\u00fcrecin, \u00e7ocuklar\u0131n korunmas\u0131n\u0131 ve ba\u015flar\u0131 dik bir \u015fekilde ya\u015famalar\u0131n\u0131 sa\u011flama g\u00f6revini dayatt\u0131\u011f\u0131n\u0131 beyan etti.<\/p>\n<p>Yak\u00fcnin\u2019e ziyaretinde e\u015flik eden Suriye\u2019nin Rusya B\u00fcy\u00fckel\u00e7isi Riyat Haddad ise vatan u\u011fruna canlar\u0131n\u0131 feda eden \u015fehitlerimizin \u00e7ocuklar\u0131n\u0131n Suriye\u2019nin en de\u011ferli evlatlar\u0131 aras\u0131nda yer ald\u0131\u011f\u0131n\u0131 dile getirerek Suriye y\u00f6netimi ve halk\u0131n\u0131n Rusya ile olan dostluk ve karde\u015flik ili\u015fkilerinden gurur duyduklar\u0131n\u0131 belirtti.<\/p>\n<div id='gallery-1' class='gallery galleryid-6405 gallery-columns-2 gallery-size-thumbnail'><figure class='gallery-item'>\n\t\t\t<div class='gallery-icon landscape'>\n\t\t\t\t<a href='https:\/\/archive.sana.sy\/tr\/wp-content\/uploads\/2014\/08\/Rusya-2.jpg'><img loading=\"lazy\" decoding=\"async\" width=\"150\" height=\"117\" src=\"https:\/\/archive.sana.sy\/tr\/wp-content\/uploads\/2014\/08\/Rusya-2-150x117.jpg\" class=\"attachment-thumbnail size-thumbnail\" alt=\"\" srcset=\"https:\/\/archive.sana.sy\/tr\/wp-content\/uploads\/2014\/08\/Rusya-2-150x117.jpg 150w, https:\/\/archive.sana.sy\/tr\/wp-content\/uploads\/2014\/08\/Rusya-2-300x234.jpg 300w, https:\/\/archive.sana.sy\/tr\/wp-content\/uploads\/2014\/08\/Rusya-2.jpg 982w\" sizes=\"auto, (max-width: 150px) 100vw, 150px\" \/><\/a>\n\t\t\t<\/div><\/figure><figure class='gallery-item'>\n\t\t\t<div class='gallery-icon landscape'>\n\t\t\t\t<a href='https:\/\/archive.sana.sy\/tr\/wp-content\/uploads\/2014\/08\/Rusya-3.jpg'><img loading=\"lazy\" decoding=\"async\" width=\"150\" height=\"89\" src=\"https:\/\/archive.sana.sy\/tr\/wp-content\/uploads\/2014\/08\/Rusya-3-150x89.jpg\" class=\"attachment-thumbnail size-thumbnail\" alt=\"\" srcset=\"https:\/\/archive.sana.sy\/tr\/wp-content\/uploads\/2014\/08\/Rusya-3-150x89.jpg 150w, https:\/\/archive.sana.sy\/tr\/wp-content\/uploads\/2014\/08\/Rusya-3-300x179.jpg 300w, https:\/\/archive.sana.sy\/tr\/wp-content\/uploads\/2014\/08\/Rusya-3.jpg 961w\" sizes=\"auto, (max-width: 150px) 100vw, 150px\" \/><\/a>\n\t\t\t<\/div><\/figure>\n\t\t<\/div>\n\n","protected":false},"excerpt":{"rendered":"<p>MOSKOVA \u2013 Suriye&#8217;de \u015eehit \u00c7ocuklar\u0131 Okullar\u0131nda ve Kimsesizler Yurdundaki ba\u015far\u0131l\u0131 \u00f6\u011frencilerin yaz tatilini Moskova\u2019da kurulacak \u00e7ocuk kamp\u0131nda ge\u00e7irmeleri davetinin giri\u015fimci kurumu olan Aziz Andre Fonu Ba\u015fkan\u0131 Vladimir Yak\u00fcnin, Suriyeli ba\u015far\u0131l\u0131 \u00e7ocuklar\u0131n misafir edilmesinin iki halk aras\u0131ndaki ger\u00e7ek dostluk ili\u015fkinin bir yans\u0131mas\u0131 oldu\u011funu dile getirdi. Moskova\u2019da Suriyeli \u00e7ocuklar\u0131n misafir edildi\u011fi kamp\u0131 ziyaret eden Yak\u00fcnin; kamp ortam\u0131ndaki &hellip;<\/p>\n","protected":false},"author":1,"featured_media":6406,"comment_status":"closed","ping_status":"closed","sticky":false,"template":"","format":"standard","meta":{"footnotes":""},"categories":[458,459,584],"tags":[1423],"class_list":["post-6405","post","type-post","status-publish","format-standard","has-post-thumbnail","","category-dunya1","category-haberler-arap-uluslararasi-politika","category-yurtdisinda-sana-ofisleri","tag-yakunin-suriyeli-cocuklarin-misafir-edilmesi-iki-halkin-dostlugunu-yansitiyor"],"_links":{"self":[{"href":"https:\/\/archive.sana.sy\/tr\/index.php?rest_route=\/wp\/v2\/posts\/6405","targetHints":{"allow":["GET"]}}],"collection":[{"href":"https:\/\/archive.sana.sy\/tr\/index.php?rest_route=\/wp\/v2\/posts"}],"about":[{"href":"https:\/\/archive.sana.sy\/tr\/index.php?rest_route=\/wp\/v2\/types\/post"}],"author":[{"embeddable":true,"href":"https:\/\/archive.sana.sy\/tr\/index.php?rest_route=\/wp\/v2\/users\/1"}],"replies":[{"embeddable":true,"href":"https:\/\/archive.sana.sy\/tr\/index.php?rest_route=%2Fwp%2Fv2%2Fcomments&post=6405"}],"version-history":[{"count":0,"href":"https:\/\/archive.sana.sy\/tr\/index.php?rest_route=\/wp\/v2\/posts\/6405\/revisions"}],"wp:featuredmedia":[{"embeddable":true,"href":"https:\/\/archive.sana.sy\/tr\/index.php?rest_route=\/wp\/v2\/media\/6406"}],"wp:attachment":[{"href":"https:\/\/archive.sana.sy\/tr\/index.php?rest_route=%2Fwp%2Fv2%2Fmedia&parent=6405"}],"wp:term":[{"taxonomy":"category","embeddable":true,"href":"https:\/\/archive.sana.sy\/tr\/index.php?rest_route=%2Fwp%2Fv2%2Fcategories&post=6405"},{"taxonomy":"post_tag","embeddable":true,"href":"https:\/\/archive.sana.sy\/tr\/index.php?rest_route=%2Fwp%2Fv2%2Ftags&post=6405"}],"curies":[{"name":"wp","href":"https:\/\/api.w.org\/{rel}","templated":true}]}}