{"id":64077,"date":"2016-03-08T16:58:43","date_gmt":"2016-03-08T14:58:43","guid":{"rendered":"http:\/\/www.sana.sy\/tr\/?p=64077"},"modified":"2016-03-08T16:58:43","modified_gmt":"2016-03-08T14:58:43","slug":"8-mart-devrimi-yildonumunde-spor-festivali","status":"publish","type":"post","link":"https:\/\/archive.sana.sy\/tr\/?p=64077","title":{"rendered":"8 Mart Devrimi Y\u0131ld\u00f6n\u00fcm\u00fcnde Spor Festivali"},"content":{"rendered":"<p>\u015eAM \u2013 8 Mart devriminin 53. Y\u0131ld\u00f6n\u00fcm\u00fc m\u00fcnasebetiyle \u015eam\u2019\u0131n Meydan Semtinde 200 vatanda\u015f\u0131n kat\u0131l\u0131m\u0131yla spor festivali d\u00fczenlendi.<\/p>\n<p>Etkinli\u011fe kat\u0131lanlar Suriyelilerin maruz kald\u0131klar\u0131 t\u00fcm ko\u015fullara ra\u011fmen vatanlar\u0131n\u0131 savunma ve bu vatan\u0131n ge\u00e7mi\u015findeki de\u011ferleri sahiplenme kararl\u0131l\u0131\u011f\u0131n\u0131 sosyal, k\u00fclt\u00fcrel ve spor faaliyetleriyle ifade etmek istediklerini belirtti.<\/p>\n<div id='gallery-1' class='gallery galleryid-64077 gallery-columns-3 gallery-size-thumbnail'><figure class='gallery-item'>\n\t\t\t<div class='gallery-icon landscape'>\n\t\t\t\t<a href='https:\/\/archive.sana.sy\/tr\/wp-content\/uploads\/2016\/03\/spor-festivali-2.jpg'><img loading=\"lazy\" decoding=\"async\" width=\"150\" height=\"108\" src=\"https:\/\/archive.sana.sy\/tr\/wp-content\/uploads\/2016\/03\/spor-festivali-2-150x108.jpg\" class=\"attachment-thumbnail size-thumbnail\" alt=\"\" srcset=\"https:\/\/archive.sana.sy\/tr\/wp-content\/uploads\/2016\/03\/spor-festivali-2-150x108.jpg 150w, https:\/\/archive.sana.sy\/tr\/wp-content\/uploads\/2016\/03\/spor-festivali-2-300x216.jpg 300w, https:\/\/archive.sana.sy\/tr\/wp-content\/uploads\/2016\/03\/spor-festivali-2-768x554.jpg 768w, https:\/\/archive.sana.sy\/tr\/wp-content\/uploads\/2016\/03\/spor-festivali-2-1024x739.jpg 1024w\" sizes=\"auto, (max-width: 150px) 100vw, 150px\" \/><\/a>\n\t\t\t<\/div><\/figure><figure class='gallery-item'>\n\t\t\t<div class='gallery-icon landscape'>\n\t\t\t\t<a href='https:\/\/archive.sana.sy\/tr\/wp-content\/uploads\/2016\/03\/spor-festivali-3.jpg'><img loading=\"lazy\" decoding=\"async\" width=\"150\" height=\"110\" src=\"https:\/\/archive.sana.sy\/tr\/wp-content\/uploads\/2016\/03\/spor-festivali-3-150x110.jpg\" class=\"attachment-thumbnail size-thumbnail\" alt=\"\" srcset=\"https:\/\/archive.sana.sy\/tr\/wp-content\/uploads\/2016\/03\/spor-festivali-3-150x110.jpg 150w, https:\/\/archive.sana.sy\/tr\/wp-content\/uploads\/2016\/03\/spor-festivali-3-300x220.jpg 300w, https:\/\/archive.sana.sy\/tr\/wp-content\/uploads\/2016\/03\/spor-festivali-3-768x564.jpg 768w, https:\/\/archive.sana.sy\/tr\/wp-content\/uploads\/2016\/03\/spor-festivali-3-1024x752.jpg 1024w\" sizes=\"auto, (max-width: 150px) 100vw, 150px\" \/><\/a>\n\t\t\t<\/div><\/figure><figure class='gallery-item'>\n\t\t\t<div class='gallery-icon landscape'>\n\t\t\t\t<a href='https:\/\/archive.sana.sy\/tr\/wp-content\/uploads\/2016\/03\/spor-festivali-4.jpg'><img loading=\"lazy\" decoding=\"async\" width=\"150\" height=\"125\" src=\"https:\/\/archive.sana.sy\/tr\/wp-content\/uploads\/2016\/03\/spor-festivali-4-150x125.jpg\" class=\"attachment-thumbnail size-thumbnail\" alt=\"\" srcset=\"https:\/\/archive.sana.sy\/tr\/wp-content\/uploads\/2016\/03\/spor-festivali-4-150x125.jpg 150w, https:\/\/archive.sana.sy\/tr\/wp-content\/uploads\/2016\/03\/spor-festivali-4-300x250.jpg 300w, https:\/\/archive.sana.sy\/tr\/wp-content\/uploads\/2016\/03\/spor-festivali-4-768x640.jpg 768w, https:\/\/archive.sana.sy\/tr\/wp-content\/uploads\/2016\/03\/spor-festivali-4-1024x853.jpg 1024w\" sizes=\"auto, (max-width: 150px) 100vw, 150px\" \/><\/a>\n\t\t\t<\/div><\/figure>\n\t\t<\/div>\n\n","protected":false},"excerpt":{"rendered":"<p>\u015eAM \u2013 8 Mart devriminin 53. Y\u0131ld\u00f6n\u00fcm\u00fc m\u00fcnasebetiyle \u015eam\u2019\u0131n Meydan Semtinde 200 vatanda\u015f\u0131n kat\u0131l\u0131m\u0131yla spor festivali d\u00fczenlendi. Etkinli\u011fe kat\u0131lanlar Suriyelilerin maruz kald\u0131klar\u0131 t\u00fcm ko\u015fullara ra\u011fmen vatanlar\u0131n\u0131 savunma ve bu vatan\u0131n ge\u00e7mi\u015findeki de\u011ferleri sahiplenme kararl\u0131l\u0131\u011f\u0131n\u0131 sosyal, k\u00fclt\u00fcrel ve spor faaliyetleriyle ifade etmek istediklerini belirtti.<\/p>\n","protected":false},"author":1,"featured_media":64078,"comment_status":"closed","ping_status":"closed","sticky":false,"template":"","format":"standard","meta":{"footnotes":""},"categories":[526,496,525,497],"tags":[],"class_list":["post-64077","post","type-post","status-publish","format-standard","has-post-thumbnail","","category-haber-ve-raporlar","category-spor","category-toplum","category-yerel-turnuvalar"],"_links":{"self":[{"href":"https:\/\/archive.sana.sy\/tr\/index.php?rest_route=\/wp\/v2\/posts\/64077","targetHints":{"allow":["GET"]}}],"collection":[{"href":"https:\/\/archive.sana.sy\/tr\/index.php?rest_route=\/wp\/v2\/posts"}],"about":[{"href":"https:\/\/archive.sana.sy\/tr\/index.php?rest_route=\/wp\/v2\/types\/post"}],"author":[{"embeddable":true,"href":"https:\/\/archive.sana.sy\/tr\/index.php?rest_route=\/wp\/v2\/users\/1"}],"replies":[{"embeddable":true,"href":"https:\/\/archive.sana.sy\/tr\/index.php?rest_route=%2Fwp%2Fv2%2Fcomments&post=64077"}],"version-history":[{"count":0,"href":"https:\/\/archive.sana.sy\/tr\/index.php?rest_route=\/wp\/v2\/posts\/64077\/revisions"}],"wp:featuredmedia":[{"embeddable":true,"href":"https:\/\/archive.sana.sy\/tr\/index.php?rest_route=\/wp\/v2\/media\/64078"}],"wp:attachment":[{"href":"https:\/\/archive.sana.sy\/tr\/index.php?rest_route=%2Fwp%2Fv2%2Fmedia&parent=64077"}],"wp:term":[{"taxonomy":"category","embeddable":true,"href":"https:\/\/archive.sana.sy\/tr\/index.php?rest_route=%2Fwp%2Fv2%2Fcategories&post=64077"},{"taxonomy":"post_tag","embeddable":true,"href":"https:\/\/archive.sana.sy\/tr\/index.php?rest_route=%2Fwp%2Fv2%2Ftags&post=64077"}],"curies":[{"name":"wp","href":"https:\/\/api.w.org\/{rel}","templated":true}]}}